{"id":1090,"date":"2014-03-28T10:29:58","date_gmt":"2014-03-28T09:29:58","guid":{"rendered":"https:\/\/isic.hu\/?p=1090"},"modified":"2016-03-16T15:43:48","modified_gmt":"2016-03-16T14:43:48","slug":"gyulai-varfurdo","status":"publish","type":"post","link":"https:\/\/isic.hu\/en\/gyulai-varfurdo\/","title":{"rendered":"Gyulai V\u00e1rf\u00fcrd\u0151"},"content":{"rendered":"<p class=\"qtranxs-available-languages-message qtranxs-available-languages-message-en\">Sorry, this entry is only available in <a href=\"https:\/\/isic.hu\/hu\/wp-json\/wp\/v2\/posts\/1090\" class=\"qtranxs-available-language-link qtranxs-available-language-link-hu\" title=\"Magyar\">Magyar<\/a>.<\/p>","protected":false},"excerpt":{"rendered":"<p>Sorry, this entry is only available in Magyar.<\/p>\n","protected":false},"author":3,"featured_media":1091,"comment_status":"closed","ping_status":"closed","sticky":false,"template":"","format":"standard","meta":{"_acf_changed":false,"footnotes":""},"categories":[7,8,1],"tags":[104],"class_list":["post-1090","post","type-post","status-publish","format-standard","has-post-thumbnail","hentry","category-egeszseg","category-szepsegipar","category-szorakozas","tag-gyula"],"acf":[],"yoast_head":"<!-- This site is optimized with the Yoast SEO plugin v27.2 - https:\/\/yoast.com\/product\/yoast-seo-wordpress\/ -->\n<title>Gyulai V\u00e1rf\u00fcrd\u0151Gyulai V\u00e1rf\u00fcrd\u0151 - ISIC Nemzetk\u00f6zi Di\u00e1kigazolv\u00e1ny<\/title>\n<meta name=\"description\" content=\"A Gyulai V\u00e1rf\u00fcrd\u0151 t\u00f6bb \u00e9vtizedes m\u00faltra visszatekint\u0151 gy\u00f3gyf\u00fcrd\u0151. A f\u00fcrd\u0151nk a csod\u00e1latos n\u00f6v\u00e9nyzettel rendelkez\u0151 egykori Alm\u00e1ssy-kast\u00e9ly 8,5 hekt\u00e1ros\" \/>\n<meta name=\"robots\" content=\"index, follow, max-snippet:-1, max-image-preview:large, max-video-preview:-1\" \/>\n<link rel=\"canonical\" href=\"https:\/\/isic.hu\/gyulai-varfurdo\/\" \/>\n<meta property=\"og:locale\" content=\"en_US\" \/>\n<meta property=\"og:type\" content=\"article\" \/>\n<meta property=\"og:title\" content=\"Gyulai V\u00e1rf\u00fcrd\u0151Gyulai V\u00e1rf\u00fcrd\u0151 - ISIC Nemzetk\u00f6zi Di\u00e1kigazolv\u00e1ny\" \/>\n<meta property=\"og:description\" content=\"A Gyulai V\u00e1rf\u00fcrd\u0151 t\u00f6bb \u00e9vtizedes m\u00faltra visszatekint\u0151 gy\u00f3gyf\u00fcrd\u0151. A f\u00fcrd\u0151nk a csod\u00e1latos n\u00f6v\u00e9nyzettel rendelkez\u0151 egykori Alm\u00e1ssy-kast\u00e9ly 8,5 hekt\u00e1ros\" \/>\n<meta property=\"og:url\" content=\"https:\/\/isic.hu\/gyulai-varfurdo\/\" \/>\n<meta property=\"og:site_name\" content=\"ISIC Nemzetk\u00f6zi Di\u00e1kigazolv\u00e1ny\" \/>\n<meta property=\"article:publisher\" content=\"https:\/\/www.facebook.com\/isic.hu\/\" \/>\n<meta property=\"article:published_time\" content=\"2014-03-28T09:29:58+00:00\" \/>\n<meta property=\"article:modified_time\" content=\"2016-03-16T14:43:48+00:00\" \/>\n<meta property=\"og:image\" content=\"https:\/\/isic.hu\/wp-content\/uploads\/2014\/03\/Varfudo-2-logo.jpg\" \/>\n\t<meta property=\"og:image:width\" content=\"1704\" \/>\n\t<meta property=\"og:image:height\" content=\"1882\" \/>\n\t<meta property=\"og:image:type\" content=\"image\/jpeg\" \/>\n<meta name=\"author\" content=\"Andrea S\u00e1rmezey\" \/>\n<meta name=\"twitter:card\" content=\"summary_large_image\" \/>\n<meta name=\"twitter:label1\" content=\"Written by\" \/>\n\t<meta name=\"twitter:data1\" content=\"Andrea S\u00e1rmezey\" \/>\n<script type=\"application\/ld+json\" class=\"yoast-schema-graph\">{\"@context\":\"https:\/\/schema.org\",\"@graph\":[{\"@type\":\"Article\",\"@id\":\"https:\/\/isic.hu\/gyulai-varfurdo\/#article\",\"isPartOf\":{\"@id\":\"https:\/\/isic.hu\/gyulai-varfurdo\/\"},\"author\":{\"name\":\"Andrea S\u00e1rmezey\",\"@id\":\"https:\/\/isic.hu\/#\/schema\/person\/5537455b38a36d232dc4eae17e474994\"},\"headline\":\"Gyulai V\u00e1rf\u00fcrd\u0151\",\"datePublished\":\"2014-03-28T09:29:58+00:00\",\"dateModified\":\"2016-03-16T14:43:48+00:00\",\"mainEntityOfPage\":{\"@id\":\"https:\/\/isic.hu\/gyulai-varfurdo\/\"},\"wordCount\":103,\"image\":{\"@id\":\"https:\/\/isic.hu\/gyulai-varfurdo\/#primaryimage\"},\"thumbnailUrl\":\"https:\/\/isic.hu\/wp-content\/uploads\/2014\/03\/Varfudo-2-logo.jpg\",\"keywords\":[\"Gyula\"],\"articleSection\":[\"Health\",\"Beauty\",\"Entertainment\"],\"inLanguage\":\"en-US\"},{\"@type\":\"WebPage\",\"@id\":\"https:\/\/isic.hu\/gyulai-varfurdo\/\",\"url\":\"https:\/\/isic.hu\/gyulai-varfurdo\/\",\"name\":\"Gyulai V\u00e1rf\u00fcrd\u0151Gyulai V\u00e1rf\u00fcrd\u0151 - ISIC Nemzetk\u00f6zi Di\u00e1kigazolv\u00e1ny\",\"isPartOf\":{\"@id\":\"https:\/\/isic.hu\/#website\"},\"primaryImageOfPage\":{\"@id\":\"https:\/\/isic.hu\/gyulai-varfurdo\/#primaryimage\"},\"image\":{\"@id\":\"https:\/\/isic.hu\/gyulai-varfurdo\/#primaryimage\"},\"thumbnailUrl\":\"https:\/\/isic.hu\/wp-content\/uploads\/2014\/03\/Varfudo-2-logo.jpg\",\"datePublished\":\"2014-03-28T09:29:58+00:00\",\"dateModified\":\"2016-03-16T14:43:48+00:00\",\"author\":{\"@id\":\"https:\/\/isic.hu\/#\/schema\/person\/5537455b38a36d232dc4eae17e474994\"},\"description\":\"A Gyulai V\u00e1rf\u00fcrd\u0151 t\u00f6bb \u00e9vtizedes m\u00faltra visszatekint\u0151 gy\u00f3gyf\u00fcrd\u0151. A f\u00fcrd\u0151nk a csod\u00e1latos n\u00f6v\u00e9nyzettel rendelkez\u0151 egykori Alm\u00e1ssy-kast\u00e9ly 8,5 hekt\u00e1ros\",\"breadcrumb\":{\"@id\":\"https:\/\/isic.hu\/gyulai-varfurdo\/#breadcrumb\"},\"inLanguage\":\"en-US\",\"potentialAction\":[{\"@type\":\"ReadAction\",\"target\":[\"https:\/\/isic.hu\/gyulai-varfurdo\/\"]}]},{\"@type\":\"ImageObject\",\"inLanguage\":\"en-US\",\"@id\":\"https:\/\/isic.hu\/gyulai-varfurdo\/#primaryimage\",\"url\":\"https:\/\/isic.hu\/wp-content\/uploads\/2014\/03\/Varfudo-2-logo.jpg\",\"contentUrl\":\"https:\/\/isic.hu\/wp-content\/uploads\/2014\/03\/Varfudo-2-logo.jpg\",\"width\":1704,\"height\":1882},{\"@type\":\"BreadcrumbList\",\"@id\":\"https:\/\/isic.hu\/gyulai-varfurdo\/#breadcrumb\",\"itemListElement\":[{\"@type\":\"ListItem\",\"position\":1,\"name\":\"Home\",\"item\":\"https:\/\/isic.hu\/en\/\"},{\"@type\":\"ListItem\",\"position\":2,\"name\":\"Gyulai V\u00e1rf\u00fcrd\u0151\"}]},{\"@type\":\"WebSite\",\"@id\":\"https:\/\/isic.hu\/#website\",\"url\":\"https:\/\/isic.hu\/\",\"name\":\"ISIC Nemzetk\u00f6zi Di\u00e1kigazolv\u00e1ny\",\"description\":\"International Student Card\",\"potentialAction\":[{\"@type\":\"SearchAction\",\"target\":{\"@type\":\"EntryPoint\",\"urlTemplate\":\"https:\/\/isic.hu\/?s={search_term_string}\"},\"query-input\":{\"@type\":\"PropertyValueSpecification\",\"valueRequired\":true,\"valueName\":\"search_term_string\"}}],\"inLanguage\":\"en-US\"},{\"@type\":\"Person\",\"@id\":\"https:\/\/isic.hu\/#\/schema\/person\/5537455b38a36d232dc4eae17e474994\",\"name\":\"Andrea S\u00e1rmezey\"}]}<\/script>\n<!-- \/ Yoast SEO plugin. -->","yoast_head_json":{"title":"Gyulai V\u00e1rf\u00fcrd\u0151Gyulai V\u00e1rf\u00fcrd\u0151 - ISIC Nemzetk\u00f6zi Di\u00e1kigazolv\u00e1ny","description":"A Gyulai V\u00e1rf\u00fcrd\u0151 t\u00f6bb \u00e9vtizedes m\u00faltra visszatekint\u0151 gy\u00f3gyf\u00fcrd\u0151. A f\u00fcrd\u0151nk a csod\u00e1latos n\u00f6v\u00e9nyzettel rendelkez\u0151 egykori Alm\u00e1ssy-kast\u00e9ly 8,5 hekt\u00e1ros","robots":{"index":"index","follow":"follow","max-snippet":"max-snippet:-1","max-image-preview":"max-image-preview:large","max-video-preview":"max-video-preview:-1"},"canonical":"https:\/\/isic.hu\/gyulai-varfurdo\/","og_locale":"en_US","og_type":"article","og_title":"Gyulai V\u00e1rf\u00fcrd\u0151Gyulai V\u00e1rf\u00fcrd\u0151 - ISIC Nemzetk\u00f6zi Di\u00e1kigazolv\u00e1ny","og_description":"A Gyulai V\u00e1rf\u00fcrd\u0151 t\u00f6bb \u00e9vtizedes m\u00faltra visszatekint\u0151 gy\u00f3gyf\u00fcrd\u0151. A f\u00fcrd\u0151nk a csod\u00e1latos n\u00f6v\u00e9nyzettel rendelkez\u0151 egykori Alm\u00e1ssy-kast\u00e9ly 8,5 hekt\u00e1ros","og_url":"https:\/\/isic.hu\/gyulai-varfurdo\/","og_site_name":"ISIC Nemzetk\u00f6zi Di\u00e1kigazolv\u00e1ny","article_publisher":"https:\/\/www.facebook.com\/isic.hu\/","article_published_time":"2014-03-28T09:29:58+00:00","article_modified_time":"2016-03-16T14:43:48+00:00","og_image":[{"width":1704,"height":1882,"url":"https:\/\/isic.hu\/wp-content\/uploads\/2014\/03\/Varfudo-2-logo.jpg","type":"image\/jpeg"}],"author":"Andrea S\u00e1rmezey","twitter_card":"summary_large_image","twitter_misc":{"Written by":"Andrea S\u00e1rmezey"},"schema":{"@context":"https:\/\/schema.org","@graph":[{"@type":"Article","@id":"https:\/\/isic.hu\/gyulai-varfurdo\/#article","isPartOf":{"@id":"https:\/\/isic.hu\/gyulai-varfurdo\/"},"author":{"name":"Andrea S\u00e1rmezey","@id":"https:\/\/isic.hu\/#\/schema\/person\/5537455b38a36d232dc4eae17e474994"},"headline":"Gyulai V\u00e1rf\u00fcrd\u0151","datePublished":"2014-03-28T09:29:58+00:00","dateModified":"2016-03-16T14:43:48+00:00","mainEntityOfPage":{"@id":"https:\/\/isic.hu\/gyulai-varfurdo\/"},"wordCount":103,"image":{"@id":"https:\/\/isic.hu\/gyulai-varfurdo\/#primaryimage"},"thumbnailUrl":"https:\/\/isic.hu\/wp-content\/uploads\/2014\/03\/Varfudo-2-logo.jpg","keywords":["Gyula"],"articleSection":["Health","Beauty","Entertainment"],"inLanguage":"en-US"},{"@type":"WebPage","@id":"https:\/\/isic.hu\/gyulai-varfurdo\/","url":"https:\/\/isic.hu\/gyulai-varfurdo\/","name":"Gyulai V\u00e1rf\u00fcrd\u0151Gyulai V\u00e1rf\u00fcrd\u0151 - ISIC Nemzetk\u00f6zi Di\u00e1kigazolv\u00e1ny","isPartOf":{"@id":"https:\/\/isic.hu\/#website"},"primaryImageOfPage":{"@id":"https:\/\/isic.hu\/gyulai-varfurdo\/#primaryimage"},"image":{"@id":"https:\/\/isic.hu\/gyulai-varfurdo\/#primaryimage"},"thumbnailUrl":"https:\/\/isic.hu\/wp-content\/uploads\/2014\/03\/Varfudo-2-logo.jpg","datePublished":"2014-03-28T09:29:58+00:00","dateModified":"2016-03-16T14:43:48+00:00","author":{"@id":"https:\/\/isic.hu\/#\/schema\/person\/5537455b38a36d232dc4eae17e474994"},"description":"A Gyulai V\u00e1rf\u00fcrd\u0151 t\u00f6bb \u00e9vtizedes m\u00faltra visszatekint\u0151 gy\u00f3gyf\u00fcrd\u0151. A f\u00fcrd\u0151nk a csod\u00e1latos n\u00f6v\u00e9nyzettel rendelkez\u0151 egykori Alm\u00e1ssy-kast\u00e9ly 8,5 hekt\u00e1ros","breadcrumb":{"@id":"https:\/\/isic.hu\/gyulai-varfurdo\/#breadcrumb"},"inLanguage":"en-US","potentialAction":[{"@type":"ReadAction","target":["https:\/\/isic.hu\/gyulai-varfurdo\/"]}]},{"@type":"ImageObject","inLanguage":"en-US","@id":"https:\/\/isic.hu\/gyulai-varfurdo\/#primaryimage","url":"https:\/\/isic.hu\/wp-content\/uploads\/2014\/03\/Varfudo-2-logo.jpg","contentUrl":"https:\/\/isic.hu\/wp-content\/uploads\/2014\/03\/Varfudo-2-logo.jpg","width":1704,"height":1882},{"@type":"BreadcrumbList","@id":"https:\/\/isic.hu\/gyulai-varfurdo\/#breadcrumb","itemListElement":[{"@type":"ListItem","position":1,"name":"Home","item":"https:\/\/isic.hu\/en\/"},{"@type":"ListItem","position":2,"name":"Gyulai V\u00e1rf\u00fcrd\u0151"}]},{"@type":"WebSite","@id":"https:\/\/isic.hu\/#website","url":"https:\/\/isic.hu\/","name":"ISIC Nemzetk\u00f6zi Di\u00e1kigazolv\u00e1ny","description":"International Student Card","potentialAction":[{"@type":"SearchAction","target":{"@type":"EntryPoint","urlTemplate":"https:\/\/isic.hu\/?s={search_term_string}"},"query-input":{"@type":"PropertyValueSpecification","valueRequired":true,"valueName":"search_term_string"}}],"inLanguage":"en-US"},{"@type":"Person","@id":"https:\/\/isic.hu\/#\/schema\/person\/5537455b38a36d232dc4eae17e474994","name":"Andrea S\u00e1rmezey"}]}},"_links":{"self":[{"href":"https:\/\/isic.hu\/en\/wp-json\/wp\/v2\/posts\/1090","targetHints":{"allow":["GET"]}}],"collection":[{"href":"https:\/\/isic.hu\/en\/wp-json\/wp\/v2\/posts"}],"about":[{"href":"https:\/\/isic.hu\/en\/wp-json\/wp\/v2\/types\/post"}],"author":[{"embeddable":true,"href":"https:\/\/isic.hu\/en\/wp-json\/wp\/v2\/users\/3"}],"replies":[{"embeddable":true,"href":"https:\/\/isic.hu\/en\/wp-json\/wp\/v2\/comments?post=1090"}],"version-history":[{"count":3,"href":"https:\/\/isic.hu\/en\/wp-json\/wp\/v2\/posts\/1090\/revisions"}],"predecessor-version":[{"id":1644,"href":"https:\/\/isic.hu\/en\/wp-json\/wp\/v2\/posts\/1090\/revisions\/1644"}],"wp:featuredmedia":[{"embeddable":true,"href":"https:\/\/isic.hu\/en\/wp-json\/wp\/v2\/media\/1091"}],"wp:attachment":[{"href":"https:\/\/isic.hu\/en\/wp-json\/wp\/v2\/media?parent=1090"}],"wp:term":[{"taxonomy":"category","embeddable":true,"href":"https:\/\/isic.hu\/en\/wp-json\/wp\/v2\/categories?post=1090"},{"taxonomy":"post_tag","embeddable":true,"href":"https:\/\/isic.hu\/en\/wp-json\/wp\/v2\/tags?post=1090"}],"curies":[{"name":"wp","href":"https:\/\/api.w.org\/{rel}","templated":true}]}}