{"id":1199,"date":"2014-04-10T14:33:20","date_gmt":"2014-04-10T12:33:20","guid":{"rendered":"https:\/\/isic.hu\/?p=1199"},"modified":"2019-09-01T23:34:03","modified_gmt":"2019-09-01T21:34:03","slug":"szent-istvan-bazilika","status":"publish","type":"post","link":"https:\/\/isic.hu\/en\/szent-istvan-bazilika\/","title":{"rendered":"St Stephen\u2019s Basilica"},"content":{"rendered":"<p>St Stephen\u2019s Basilica of Budapest is one of the most beautiful and significant churches and touristic attractions of the country. This is partly due to its historical heritage, of being dedicated to the holy king St Stephen who was also the founder of the Hungarian state, and partly to the architectural and artistic value of the building itself. A campaign to raise funds for the construction of the church commenced in the 1810-es, however, construction works did not start until August 14, 1851, based on the drawings of J\u00f3zsef Hild, a leading citizen and architect of Pest, who also designed the cathedrals in Esztergom and Eger. J\u00f3zsef Hild supervised the works until his death as of March 6, 1867. The Council of the City of Pest appointed Mikl\u00f3s Ybl, an acknowledged master at the time and designer of numerous public buildings in the capital city including the Opera House, to continue to supervise the design and construction of this prominent building. After his death, the interior of the building and the fine artistic and decorative works were completed by 1905 under the supervision of J\u00f3zsef Kauser. January 22, 1868 was an important date in the history of the Basilica. It was on this day that the cupola and the cupola drum constructed according to the designs of Hild collapsed due to defects in materials and craftmanship. The pillars holding the arches of the cupola were constructed with donated stones of assorted quality and solidity. The cupola drum was built on the inner rim of the arches underpinning it, resulting in a precariously balanced structure which distributed the load unevenly on the pillars. The imbalance of the structure in turn gave rise to the collapse, after which works paused for more than a year, when the removal of the debris and the demolition of the poorly constructed parts commenced and continued until 1871. Mikl\u00f3s Ybl prepared new designs for continuing the construction works or revised the previous ones in terms of the structure and the appearance alike. From 1875, the Hellenistic forms and Classicist style were replaced by Neo-Renaissance elements applied by Ybl, and works continued, even after his death of 1891, according to his sketches and ideas until the long-last dedication of the church in 1905.<br \/>\n(Source: A Szent Istv\u00e1n Bazilika, Budapest 1989.)<br \/>\nMajor events of the construction and renovation of the Basilica:<br \/>\n1845. J\u00f3zsef Hild (1789-1867) is appointed by the Council of the City of Pest to design the Basilica.<br \/>\n1846. Earthworks start.<br \/>\n1851. After the war of independence (1848-49) he is appointed to continue the works. By this time the drum of the cupola is constructed up to a height of 51.52 m.<br \/>\nJanuary 22, 1868, 5.10 p.m. The drum of the cupola collapses due to defective construction. Ybl recognizes the defect and averts hazard to life, however, he cannot prevent the disaster. He designs a new neo-renaissance building on reinforced foundations.<br \/>\n1875. Construction works restart based on partially modified drawings after the conclusion of the demolition works.<br \/>\n1890. The entire structure of the building is completed.<br \/>\n1891. After the death of Mikl\u00f3s Ybl, the final and predominantly decorative works are supervised by J\u00f3zsef Kauser (1848-1919).<br \/>\n1905. Interior decoration is ready and thus construction works are concluded.<br \/>\nNovember 9, 1905 \u2013 The dedication of the church<br \/>\nDecember 8, 1906: The placement of the keystone in the presence of Franz Joseph I, emperor of Austria and king of Hungary.<br \/>\n1931. Pope Pius XI awards the church the title \u201cbasilica minor\u201d.<br \/>\n1938. The building functions as the central place of the events of the 34th International Eucharistic Congress.<br \/>\n1944-45 \u2013 The roof structure, the towers and the external walls are damaged in World War II. The roof structure as a whole needs to be replaced.<br \/>\n1947. The wooden structure of the cupola catches fire during the repair works on the roof.<br \/>\n1971. The Holy Right Hand of St Stephen is placed in the Basilica to be guarded there.<br \/>\n1982. The plate cover of the large cupola is swept on to the street below by a storm, and the church building becomes hazardous to life.<br \/>\n1983. Commencement date of planned reconstruction works.<br \/>\n1991. Pope John Paul II visits the church at the festival of king St Stephan.<br \/>\n1993. The pope raises the basilica to the rank of co-cathedral of the Archbishopric.<br \/>\nAugust 16, 2001 \u2013 The government transfers the title to the basilica to the Church in connection with the conclusion of the millennium.<br \/>\nAugust 14, 2003 \u2013 Conclusion of construction and restoration works.<br \/>\nSpecial construction, restoration and engineering solutions<br \/>\nThe most spectacular idea realized during the construction works was the hanging scaffolding. For the repair of the large towers above the main ledge, the scaffold was hung from above, from the ledge on the clocktower. When renovating the inner cupola and the cupola drum, we hung a bridge structure from the windows of the cupola, which the scaffold was mounted on, up to the pitch of the cupola, and hung down to the barrel vaults. Thus we could reduce significantly the overall weight as well as the costs, by 50%.<br \/>\nThe restoration of the mosaics in the sanctuary<br \/>\nAs for the interior decoration of and the works of art in the church, the mosaics and the artificial marble panels on the walls suffered the largest damage. The most valuable work of art is the five-part mosaic in the sanctuary displaying the allegories of the holy mass. The mosaic was prepared by the Salviati and Jesurum companies of Venice, based on an oil painting by Gyula Bencz\u00far. During World War II the mosaic disengaged from the soaked vault. It was forced back to its original place by the heating of the walls and the concurrent mechanical drying of the external space and injection of binding agent from the outside.<\/p>\n<p>In the cupola of the Basilica, a panorama lookout was established for touristic purposes, which made it necessary to install elevators. The elevators work with frequency control, with no engine-house, saving 60% on the operating cost. The 2 chimneys behind the main fa\u00e7ade were converted into elevator shafts and 2 elevators were installed in the cupola drum behind the statutes of the evangelists. Visitors can now access the look-out by using the two elevators and some walking, instead of having to climb 364 stairs.<\/p>","protected":false},"excerpt":{"rendered":"<p>St Stephen\u2019s Basilica of Budapest is one of the most beautiful and significant churches and touristic attractions of the country&#8230;.<\/p>\n","protected":false},"author":3,"featured_media":1200,"comment_status":"closed","ping_status":"closed","sticky":false,"template":"","format":"standard","meta":{"_acf_changed":false,"footnotes":""},"categories":[1],"tags":[4],"class_list":["post-1199","post","type-post","status-publish","format-standard","has-post-thumbnail","hentry","category-szorakozas","tag-budapest"],"acf":[],"yoast_head":"<!-- This site is optimized with the Yoast SEO plugin v27.2 - https:\/\/yoast.com\/product\/yoast-seo-wordpress\/ -->\n<title>St Stephen\u2019s Basilica - ISIC Nemzetk\u00f6zi Di\u00e1kigazolv\u00e1ny<\/title>\n<meta name=\"description\" content=\"Szent Istv\u00e1n Bazilika \u00c9rseki T\u00e1rssz\u00e9kesegyh\u00e1z A budapesti Szent Istv\u00e1n Bazilika haz\u00e1nk egyik legszebb, legjelent\u0151sebb egyh\u00e1zi \u00e9s idegenforgalmi\" \/>\n<meta name=\"robots\" content=\"index, follow, max-snippet:-1, max-image-preview:large, max-video-preview:-1\" \/>\n<link rel=\"canonical\" href=\"https:\/\/isic.hu\/en\/szent-istvan-bazilika\/\" \/>\n<meta property=\"og:locale\" content=\"en_US\" \/>\n<meta property=\"og:type\" content=\"article\" \/>\n<meta property=\"og:title\" content=\"[:hu]Szent Istv\u00e1n Bazilika[:en]St Stephen\u2019s Basilica[:] - ISIC Nemzetk\u00f6zi Di\u00e1kigazolv\u00e1ny\" \/>\n<meta property=\"og:description\" content=\"Szent Istv\u00e1n Bazilika \u00c9rseki T\u00e1rssz\u00e9kesegyh\u00e1z A budapesti Szent Istv\u00e1n Bazilika haz\u00e1nk egyik legszebb, legjelent\u0151sebb egyh\u00e1zi \u00e9s idegenforgalmi\" \/>\n<meta property=\"og:url\" content=\"https:\/\/isic.hu\/en\/szent-istvan-bazilika\/\" \/>\n<meta property=\"og:site_name\" content=\"ISIC Nemzetk\u00f6zi Di\u00e1kigazolv\u00e1ny\" \/>\n<meta property=\"article:publisher\" content=\"https:\/\/www.facebook.com\/isic.hu\/\" \/>\n<meta property=\"article:published_time\" content=\"2014-04-10T12:33:20+00:00\" \/>\n<meta property=\"article:modified_time\" content=\"2019-09-01T21:34:03+00:00\" \/>\n<meta property=\"og:image\" content=\"https:\/\/isic.hu\/wp-content\/uploads\/2014\/04\/budapest_szent_istvan_bazilika.jpg\" \/>\n\t<meta property=\"og:image:width\" content=\"650\" \/>\n\t<meta property=\"og:image:height\" content=\"796\" \/>\n\t<meta property=\"og:image:type\" content=\"image\/jpeg\" \/>\n<meta name=\"author\" content=\"Andrea S\u00e1rmezey\" \/>\n<meta name=\"twitter:card\" content=\"summary_large_image\" \/>\n<meta name=\"twitter:label1\" content=\"Written by\" \/>\n\t<meta name=\"twitter:data1\" content=\"Andrea S\u00e1rmezey\" \/>\n\t<meta name=\"twitter:label2\" content=\"Est. reading time\" \/>\n\t<meta name=\"twitter:data2\" content=\"7 minutes\" \/>\n<script type=\"application\/ld+json\" class=\"yoast-schema-graph\">{\"@context\":\"https:\/\/schema.org\",\"@graph\":[{\"@type\":\"Article\",\"@id\":\"https:\/\/isic.hu\/en\/szent-istvan-bazilika\/#article\",\"isPartOf\":{\"@id\":\"https:\/\/isic.hu\/en\/szent-istvan-bazilika\/\"},\"author\":{\"name\":\"Andrea S\u00e1rmezey\",\"@id\":\"https:\/\/isic.hu\/#\/schema\/person\/5537455b38a36d232dc4eae17e474994\"},\"headline\":\"St Stephen\u2019s Basilica\",\"datePublished\":\"2014-04-10T12:33:20+00:00\",\"dateModified\":\"2019-09-01T21:34:03+00:00\",\"mainEntityOfPage\":{\"@id\":\"https:\/\/isic.hu\/en\/szent-istvan-bazilika\/\"},\"wordCount\":1448,\"image\":{\"@id\":\"https:\/\/isic.hu\/en\/szent-istvan-bazilika\/#primaryimage\"},\"thumbnailUrl\":\"https:\/\/isic.hu\/wp-content\/uploads\/2014\/04\/budapest_szent_istvan_bazilika.jpg\",\"keywords\":[\"Budapest\"],\"articleSection\":[\"Entertainment\"],\"inLanguage\":\"en-US\"},{\"@type\":\"WebPage\",\"@id\":\"https:\/\/isic.hu\/en\/szent-istvan-bazilika\/\",\"url\":\"https:\/\/isic.hu\/en\/szent-istvan-bazilika\/\",\"name\":\"[:hu]Szent Istv\u00e1n Bazilika[:en]St Stephen\u2019s Basilica[:] - ISIC Nemzetk\u00f6zi Di\u00e1kigazolv\u00e1ny\",\"isPartOf\":{\"@id\":\"https:\/\/isic.hu\/#website\"},\"primaryImageOfPage\":{\"@id\":\"https:\/\/isic.hu\/en\/szent-istvan-bazilika\/#primaryimage\"},\"image\":{\"@id\":\"https:\/\/isic.hu\/en\/szent-istvan-bazilika\/#primaryimage\"},\"thumbnailUrl\":\"https:\/\/isic.hu\/wp-content\/uploads\/2014\/04\/budapest_szent_istvan_bazilika.jpg\",\"datePublished\":\"2014-04-10T12:33:20+00:00\",\"dateModified\":\"2019-09-01T21:34:03+00:00\",\"author\":{\"@id\":\"https:\/\/isic.hu\/#\/schema\/person\/5537455b38a36d232dc4eae17e474994\"},\"description\":\"Szent Istv\u00e1n Bazilika \u00c9rseki T\u00e1rssz\u00e9kesegyh\u00e1z A budapesti Szent Istv\u00e1n Bazilika haz\u00e1nk egyik legszebb, legjelent\u0151sebb egyh\u00e1zi \u00e9s idegenforgalmi\",\"breadcrumb\":{\"@id\":\"https:\/\/isic.hu\/en\/szent-istvan-bazilika\/#breadcrumb\"},\"inLanguage\":\"en-US\",\"potentialAction\":[{\"@type\":\"ReadAction\",\"target\":[\"https:\/\/isic.hu\/en\/szent-istvan-bazilika\/\"]}]},{\"@type\":\"ImageObject\",\"inLanguage\":\"en-US\",\"@id\":\"https:\/\/isic.hu\/en\/szent-istvan-bazilika\/#primaryimage\",\"url\":\"https:\/\/isic.hu\/wp-content\/uploads\/2014\/04\/budapest_szent_istvan_bazilika.jpg\",\"contentUrl\":\"https:\/\/isic.hu\/wp-content\/uploads\/2014\/04\/budapest_szent_istvan_bazilika.jpg\",\"width\":650,\"height\":796},{\"@type\":\"BreadcrumbList\",\"@id\":\"https:\/\/isic.hu\/en\/szent-istvan-bazilika\/#breadcrumb\",\"itemListElement\":[{\"@type\":\"ListItem\",\"position\":1,\"name\":\"Home\",\"item\":\"https:\/\/isic.hu\/en\/\"},{\"@type\":\"ListItem\",\"position\":2,\"name\":\"Szent Istv\u00e1n Bazilika\"}]},{\"@type\":\"WebSite\",\"@id\":\"https:\/\/isic.hu\/#website\",\"url\":\"https:\/\/isic.hu\/\",\"name\":\"ISIC Nemzetk\u00f6zi Di\u00e1kigazolv\u00e1ny\",\"description\":\"International Student Card\",\"potentialAction\":[{\"@type\":\"SearchAction\",\"target\":{\"@type\":\"EntryPoint\",\"urlTemplate\":\"https:\/\/isic.hu\/?s={search_term_string}\"},\"query-input\":{\"@type\":\"PropertyValueSpecification\",\"valueRequired\":true,\"valueName\":\"search_term_string\"}}],\"inLanguage\":\"en-US\"},{\"@type\":\"Person\",\"@id\":\"https:\/\/isic.hu\/#\/schema\/person\/5537455b38a36d232dc4eae17e474994\",\"name\":\"Andrea S\u00e1rmezey\"}]}<\/script>\n<!-- \/ Yoast SEO plugin. -->","yoast_head_json":{"title":"[:hu]Szent Istv\u00e1n Bazilika[:en]St Stephen\u2019s Basilica[:] - ISIC Nemzetk\u00f6zi Di\u00e1kigazolv\u00e1ny","description":"Szent Istv\u00e1n Bazilika \u00c9rseki T\u00e1rssz\u00e9kesegyh\u00e1z A budapesti Szent Istv\u00e1n Bazilika haz\u00e1nk egyik legszebb, legjelent\u0151sebb egyh\u00e1zi \u00e9s idegenforgalmi","robots":{"index":"index","follow":"follow","max-snippet":"max-snippet:-1","max-image-preview":"max-image-preview:large","max-video-preview":"max-video-preview:-1"},"canonical":"https:\/\/isic.hu\/en\/szent-istvan-bazilika\/","og_locale":"en_US","og_type":"article","og_title":"[:hu]Szent Istv\u00e1n Bazilika[:en]St Stephen\u2019s Basilica[:] - ISIC Nemzetk\u00f6zi Di\u00e1kigazolv\u00e1ny","og_description":"Szent Istv\u00e1n Bazilika \u00c9rseki T\u00e1rssz\u00e9kesegyh\u00e1z A budapesti Szent Istv\u00e1n Bazilika haz\u00e1nk egyik legszebb, legjelent\u0151sebb egyh\u00e1zi \u00e9s idegenforgalmi","og_url":"https:\/\/isic.hu\/en\/szent-istvan-bazilika\/","og_site_name":"ISIC Nemzetk\u00f6zi Di\u00e1kigazolv\u00e1ny","article_publisher":"https:\/\/www.facebook.com\/isic.hu\/","article_published_time":"2014-04-10T12:33:20+00:00","article_modified_time":"2019-09-01T21:34:03+00:00","og_image":[{"width":650,"height":796,"url":"https:\/\/isic.hu\/wp-content\/uploads\/2014\/04\/budapest_szent_istvan_bazilika.jpg","type":"image\/jpeg"}],"author":"Andrea S\u00e1rmezey","twitter_card":"summary_large_image","twitter_misc":{"Written by":"Andrea S\u00e1rmezey","Est. reading time":"7 minutes"},"schema":{"@context":"https:\/\/schema.org","@graph":[{"@type":"Article","@id":"https:\/\/isic.hu\/en\/szent-istvan-bazilika\/#article","isPartOf":{"@id":"https:\/\/isic.hu\/en\/szent-istvan-bazilika\/"},"author":{"name":"Andrea S\u00e1rmezey","@id":"https:\/\/isic.hu\/#\/schema\/person\/5537455b38a36d232dc4eae17e474994"},"headline":"St Stephen\u2019s Basilica","datePublished":"2014-04-10T12:33:20+00:00","dateModified":"2019-09-01T21:34:03+00:00","mainEntityOfPage":{"@id":"https:\/\/isic.hu\/en\/szent-istvan-bazilika\/"},"wordCount":1448,"image":{"@id":"https:\/\/isic.hu\/en\/szent-istvan-bazilika\/#primaryimage"},"thumbnailUrl":"https:\/\/isic.hu\/wp-content\/uploads\/2014\/04\/budapest_szent_istvan_bazilika.jpg","keywords":["Budapest"],"articleSection":["Entertainment"],"inLanguage":"en-US"},{"@type":"WebPage","@id":"https:\/\/isic.hu\/en\/szent-istvan-bazilika\/","url":"https:\/\/isic.hu\/en\/szent-istvan-bazilika\/","name":"[:hu]Szent Istv\u00e1n Bazilika[:en]St Stephen\u2019s Basilica[:] - ISIC Nemzetk\u00f6zi Di\u00e1kigazolv\u00e1ny","isPartOf":{"@id":"https:\/\/isic.hu\/#website"},"primaryImageOfPage":{"@id":"https:\/\/isic.hu\/en\/szent-istvan-bazilika\/#primaryimage"},"image":{"@id":"https:\/\/isic.hu\/en\/szent-istvan-bazilika\/#primaryimage"},"thumbnailUrl":"https:\/\/isic.hu\/wp-content\/uploads\/2014\/04\/budapest_szent_istvan_bazilika.jpg","datePublished":"2014-04-10T12:33:20+00:00","dateModified":"2019-09-01T21:34:03+00:00","author":{"@id":"https:\/\/isic.hu\/#\/schema\/person\/5537455b38a36d232dc4eae17e474994"},"description":"Szent Istv\u00e1n Bazilika \u00c9rseki T\u00e1rssz\u00e9kesegyh\u00e1z A budapesti Szent Istv\u00e1n Bazilika haz\u00e1nk egyik legszebb, legjelent\u0151sebb egyh\u00e1zi \u00e9s idegenforgalmi","breadcrumb":{"@id":"https:\/\/isic.hu\/en\/szent-istvan-bazilika\/#breadcrumb"},"inLanguage":"en-US","potentialAction":[{"@type":"ReadAction","target":["https:\/\/isic.hu\/en\/szent-istvan-bazilika\/"]}]},{"@type":"ImageObject","inLanguage":"en-US","@id":"https:\/\/isic.hu\/en\/szent-istvan-bazilika\/#primaryimage","url":"https:\/\/isic.hu\/wp-content\/uploads\/2014\/04\/budapest_szent_istvan_bazilika.jpg","contentUrl":"https:\/\/isic.hu\/wp-content\/uploads\/2014\/04\/budapest_szent_istvan_bazilika.jpg","width":650,"height":796},{"@type":"BreadcrumbList","@id":"https:\/\/isic.hu\/en\/szent-istvan-bazilika\/#breadcrumb","itemListElement":[{"@type":"ListItem","position":1,"name":"Home","item":"https:\/\/isic.hu\/en\/"},{"@type":"ListItem","position":2,"name":"Szent Istv\u00e1n Bazilika"}]},{"@type":"WebSite","@id":"https:\/\/isic.hu\/#website","url":"https:\/\/isic.hu\/","name":"ISIC Nemzetk\u00f6zi Di\u00e1kigazolv\u00e1ny","description":"International Student Card","potentialAction":[{"@type":"SearchAction","target":{"@type":"EntryPoint","urlTemplate":"https:\/\/isic.hu\/?s={search_term_string}"},"query-input":{"@type":"PropertyValueSpecification","valueRequired":true,"valueName":"search_term_string"}}],"inLanguage":"en-US"},{"@type":"Person","@id":"https:\/\/isic.hu\/#\/schema\/person\/5537455b38a36d232dc4eae17e474994","name":"Andrea S\u00e1rmezey"}]}},"_links":{"self":[{"href":"https:\/\/isic.hu\/en\/wp-json\/wp\/v2\/posts\/1199","targetHints":{"allow":["GET"]}}],"collection":[{"href":"https:\/\/isic.hu\/en\/wp-json\/wp\/v2\/posts"}],"about":[{"href":"https:\/\/isic.hu\/en\/wp-json\/wp\/v2\/types\/post"}],"author":[{"embeddable":true,"href":"https:\/\/isic.hu\/en\/wp-json\/wp\/v2\/users\/3"}],"replies":[{"embeddable":true,"href":"https:\/\/isic.hu\/en\/wp-json\/wp\/v2\/comments?post=1199"}],"version-history":[{"count":4,"href":"https:\/\/isic.hu\/en\/wp-json\/wp\/v2\/posts\/1199\/revisions"}],"predecessor-version":[{"id":3611,"href":"https:\/\/isic.hu\/en\/wp-json\/wp\/v2\/posts\/1199\/revisions\/3611"}],"wp:featuredmedia":[{"embeddable":true,"href":"https:\/\/isic.hu\/en\/wp-json\/wp\/v2\/media\/1200"}],"wp:attachment":[{"href":"https:\/\/isic.hu\/en\/wp-json\/wp\/v2\/media?parent=1199"}],"wp:term":[{"taxonomy":"category","embeddable":true,"href":"https:\/\/isic.hu\/en\/wp-json\/wp\/v2\/categories?post=1199"},{"taxonomy":"post_tag","embeddable":true,"href":"https:\/\/isic.hu\/en\/wp-json\/wp\/v2\/tags?post=1199"}],"curies":[{"name":"wp","href":"https:\/\/api.w.org\/{rel}","templated":true}]}}