{"id":1223,"date":"2014-04-22T12:20:27","date_gmt":"2014-04-22T10:20:27","guid":{"rendered":"https:\/\/isic.hu\/?p=1223"},"modified":"2020-01-08T17:35:57","modified_gmt":"2020-01-08T16:35:57","slug":"muveszetek-palotaja-budapest","status":"publish","type":"post","link":"https:\/\/isic.hu\/en\/muveszetek-palotaja-budapest\/","title":{"rendered":"Palace of Arts"},"content":{"rendered":"<p>When the Palace of Arts, Budapest and Hungary&#8217;s new cultural hub, opened in 2005, it was built to represent more than a hundred years of Hungarian cultural history. As a conglomeration of cultural venues, the building has no precedent in 20th century Hungarian architecture and has no peers in the whole of Central Europe.<\/p>\n<p>Students can purchase one unseated ticket per person for 500 HUF \u2014 by presenting their valid ISIC student ID card \u2014 to all events organised at the B\u00e9la Bart\u00f3k National Concert Hall and the Festival Theatre, one hour before the shows start.<br \/>\nThe limited number of unseated positions are found on the 3rd Floor of the B\u00e9la Bart\u00f3k National Concert Hall and the 1st Floor of the Festival Theatre.<\/p>\n<p>One ticket per ISIC student ID card can be purchased for each event. The ISIC student ID card will also need to be presented upon admission to the concert venue.<\/p>\n<p>Student tickets are non-transferable.<br \/>\nStudents from foreign educational institutions may also buy student tickets with a valid ISIC student ID.<\/p>\n<p>&nbsp;<\/p>","protected":false},"excerpt":{"rendered":"<p>When the Palace of Arts, Budapest and Hungary&#8217;s new cultural hub, opened in 2005, it was built to represent more&#8230;<\/p>\n","protected":false},"author":3,"featured_media":1245,"comment_status":"closed","ping_status":"closed","sticky":false,"template":"","format":"standard","meta":{"_acf_changed":false,"footnotes":""},"categories":[1],"tags":[4],"class_list":["post-1223","post","type-post","status-publish","format-standard","has-post-thumbnail","hentry","category-szorakozas","tag-budapest"],"acf":[],"yoast_head":"<!-- This site is optimized with the Yoast SEO plugin v27.2 - https:\/\/yoast.com\/product\/yoast-seo-wordpress\/ -->\n<title>Palace of Arts - ISIC Nemzetk\u00f6zi Di\u00e1kigazolv\u00e1ny<\/title>\n<meta name=\"description\" content=\"Budapest \u00e9s Magyarorsz\u00e1g vezet\u0151 kultur\u00e1lis int\u00e9zm\u00e9nye, a M\u0171v\u00e9szetek Palot\u00e1ja megnyit\u00e1sa haz\u00e1nk elm\u00falt sz\u00e1z\u00e9ves kult\u00fart\u00f6rt\u00e9net\u00e9nek egyik legkiemelked\u0151bb\" \/>\n<meta name=\"robots\" content=\"index, follow, max-snippet:-1, max-image-preview:large, max-video-preview:-1\" \/>\n<link rel=\"canonical\" href=\"https:\/\/isic.hu\/en\/muveszetek-palotaja-budapest\/\" \/>\n<meta property=\"og:locale\" content=\"en_US\" \/>\n<meta property=\"og:type\" content=\"article\" \/>\n<meta property=\"og:title\" content=\"[:hu]M\u0171v\u00e9szetek Palot\u00e1ja Budapest[:en]Palace of Arts[:] - ISIC Nemzetk\u00f6zi Di\u00e1kigazolv\u00e1ny\" \/>\n<meta property=\"og:description\" content=\"Budapest \u00e9s Magyarorsz\u00e1g vezet\u0151 kultur\u00e1lis int\u00e9zm\u00e9nye, a M\u0171v\u00e9szetek Palot\u00e1ja megnyit\u00e1sa haz\u00e1nk elm\u00falt sz\u00e1z\u00e9ves kult\u00fart\u00f6rt\u00e9net\u00e9nek egyik legkiemelked\u0151bb\" \/>\n<meta property=\"og:url\" content=\"https:\/\/isic.hu\/en\/muveszetek-palotaja-budapest\/\" \/>\n<meta property=\"og:site_name\" content=\"ISIC Nemzetk\u00f6zi Di\u00e1kigazolv\u00e1ny\" \/>\n<meta property=\"article:publisher\" content=\"https:\/\/www.facebook.com\/isic.hu\/\" \/>\n<meta property=\"article:published_time\" content=\"2014-04-22T10:20:27+00:00\" \/>\n<meta property=\"article:modified_time\" content=\"2020-01-08T16:35:57+00:00\" \/>\n<meta property=\"og:image\" content=\"https:\/\/isic.hu\/wp-content\/uploads\/2014\/04\/mupa_logo.jpg\" \/>\n\t<meta property=\"og:image:width\" content=\"1000\" \/>\n\t<meta property=\"og:image:height\" content=\"700\" \/>\n\t<meta property=\"og:image:type\" content=\"image\/jpeg\" \/>\n<meta name=\"author\" content=\"Andrea S\u00e1rmezey\" \/>\n<meta name=\"twitter:card\" content=\"summary_large_image\" \/>\n<meta name=\"twitter:label1\" content=\"Written by\" \/>\n\t<meta name=\"twitter:data1\" content=\"Andrea S\u00e1rmezey\" \/>\n\t<meta name=\"twitter:label2\" content=\"Est. reading time\" \/>\n\t<meta name=\"twitter:data2\" content=\"2 minutes\" \/>\n<script type=\"application\/ld+json\" class=\"yoast-schema-graph\">{\"@context\":\"https:\/\/schema.org\",\"@graph\":[{\"@type\":\"Article\",\"@id\":\"https:\/\/isic.hu\/en\/muveszetek-palotaja-budapest\/#article\",\"isPartOf\":{\"@id\":\"https:\/\/isic.hu\/en\/muveszetek-palotaja-budapest\/\"},\"author\":{\"name\":\"Andrea S\u00e1rmezey\",\"@id\":\"https:\/\/isic.hu\/#\/schema\/person\/5537455b38a36d232dc4eae17e474994\"},\"headline\":\"Palace of Arts\",\"datePublished\":\"2014-04-22T10:20:27+00:00\",\"dateModified\":\"2020-01-08T16:35:57+00:00\",\"mainEntityOfPage\":{\"@id\":\"https:\/\/isic.hu\/en\/muveszetek-palotaja-budapest\/\"},\"wordCount\":396,\"image\":{\"@id\":\"https:\/\/isic.hu\/en\/muveszetek-palotaja-budapest\/#primaryimage\"},\"thumbnailUrl\":\"https:\/\/isic.hu\/wp-content\/uploads\/2014\/04\/mupa_logo.jpg\",\"keywords\":[\"Budapest\"],\"articleSection\":[\"Entertainment\"],\"inLanguage\":\"en-US\"},{\"@type\":\"WebPage\",\"@id\":\"https:\/\/isic.hu\/en\/muveszetek-palotaja-budapest\/\",\"url\":\"https:\/\/isic.hu\/en\/muveszetek-palotaja-budapest\/\",\"name\":\"[:hu]M\u0171v\u00e9szetek Palot\u00e1ja Budapest[:en]Palace of Arts[:] - ISIC Nemzetk\u00f6zi Di\u00e1kigazolv\u00e1ny\",\"isPartOf\":{\"@id\":\"https:\/\/isic.hu\/#website\"},\"primaryImageOfPage\":{\"@id\":\"https:\/\/isic.hu\/en\/muveszetek-palotaja-budapest\/#primaryimage\"},\"image\":{\"@id\":\"https:\/\/isic.hu\/en\/muveszetek-palotaja-budapest\/#primaryimage\"},\"thumbnailUrl\":\"https:\/\/isic.hu\/wp-content\/uploads\/2014\/04\/mupa_logo.jpg\",\"datePublished\":\"2014-04-22T10:20:27+00:00\",\"dateModified\":\"2020-01-08T16:35:57+00:00\",\"author\":{\"@id\":\"https:\/\/isic.hu\/#\/schema\/person\/5537455b38a36d232dc4eae17e474994\"},\"description\":\"Budapest \u00e9s Magyarorsz\u00e1g vezet\u0151 kultur\u00e1lis int\u00e9zm\u00e9nye, a M\u0171v\u00e9szetek Palot\u00e1ja megnyit\u00e1sa haz\u00e1nk elm\u00falt sz\u00e1z\u00e9ves kult\u00fart\u00f6rt\u00e9net\u00e9nek egyik legkiemelked\u0151bb\",\"breadcrumb\":{\"@id\":\"https:\/\/isic.hu\/en\/muveszetek-palotaja-budapest\/#breadcrumb\"},\"inLanguage\":\"en-US\",\"potentialAction\":[{\"@type\":\"ReadAction\",\"target\":[\"https:\/\/isic.hu\/en\/muveszetek-palotaja-budapest\/\"]}]},{\"@type\":\"ImageObject\",\"inLanguage\":\"en-US\",\"@id\":\"https:\/\/isic.hu\/en\/muveszetek-palotaja-budapest\/#primaryimage\",\"url\":\"https:\/\/isic.hu\/wp-content\/uploads\/2014\/04\/mupa_logo.jpg\",\"contentUrl\":\"https:\/\/isic.hu\/wp-content\/uploads\/2014\/04\/mupa_logo.jpg\",\"width\":1000,\"height\":700},{\"@type\":\"BreadcrumbList\",\"@id\":\"https:\/\/isic.hu\/en\/muveszetek-palotaja-budapest\/#breadcrumb\",\"itemListElement\":[{\"@type\":\"ListItem\",\"position\":1,\"name\":\"Home\",\"item\":\"https:\/\/isic.hu\/en\/\"},{\"@type\":\"ListItem\",\"position\":2,\"name\":\"M\u0171v\u00e9szetek Palot\u00e1ja Budapest\"}]},{\"@type\":\"WebSite\",\"@id\":\"https:\/\/isic.hu\/#website\",\"url\":\"https:\/\/isic.hu\/\",\"name\":\"ISIC Nemzetk\u00f6zi Di\u00e1kigazolv\u00e1ny\",\"description\":\"International Student Card\",\"potentialAction\":[{\"@type\":\"SearchAction\",\"target\":{\"@type\":\"EntryPoint\",\"urlTemplate\":\"https:\/\/isic.hu\/?s={search_term_string}\"},\"query-input\":{\"@type\":\"PropertyValueSpecification\",\"valueRequired\":true,\"valueName\":\"search_term_string\"}}],\"inLanguage\":\"en-US\"},{\"@type\":\"Person\",\"@id\":\"https:\/\/isic.hu\/#\/schema\/person\/5537455b38a36d232dc4eae17e474994\",\"name\":\"Andrea S\u00e1rmezey\"}]}<\/script>\n<!-- \/ Yoast SEO plugin. -->","yoast_head_json":{"title":"[:hu]M\u0171v\u00e9szetek Palot\u00e1ja Budapest[:en]Palace of Arts[:] - ISIC Nemzetk\u00f6zi Di\u00e1kigazolv\u00e1ny","description":"Budapest \u00e9s Magyarorsz\u00e1g vezet\u0151 kultur\u00e1lis int\u00e9zm\u00e9nye, a M\u0171v\u00e9szetek Palot\u00e1ja megnyit\u00e1sa haz\u00e1nk elm\u00falt sz\u00e1z\u00e9ves kult\u00fart\u00f6rt\u00e9net\u00e9nek egyik legkiemelked\u0151bb","robots":{"index":"index","follow":"follow","max-snippet":"max-snippet:-1","max-image-preview":"max-image-preview:large","max-video-preview":"max-video-preview:-1"},"canonical":"https:\/\/isic.hu\/en\/muveszetek-palotaja-budapest\/","og_locale":"en_US","og_type":"article","og_title":"[:hu]M\u0171v\u00e9szetek Palot\u00e1ja Budapest[:en]Palace of Arts[:] - ISIC Nemzetk\u00f6zi Di\u00e1kigazolv\u00e1ny","og_description":"Budapest \u00e9s Magyarorsz\u00e1g vezet\u0151 kultur\u00e1lis int\u00e9zm\u00e9nye, a M\u0171v\u00e9szetek Palot\u00e1ja megnyit\u00e1sa haz\u00e1nk elm\u00falt sz\u00e1z\u00e9ves kult\u00fart\u00f6rt\u00e9net\u00e9nek egyik legkiemelked\u0151bb","og_url":"https:\/\/isic.hu\/en\/muveszetek-palotaja-budapest\/","og_site_name":"ISIC Nemzetk\u00f6zi Di\u00e1kigazolv\u00e1ny","article_publisher":"https:\/\/www.facebook.com\/isic.hu\/","article_published_time":"2014-04-22T10:20:27+00:00","article_modified_time":"2020-01-08T16:35:57+00:00","og_image":[{"width":1000,"height":700,"url":"https:\/\/isic.hu\/wp-content\/uploads\/2014\/04\/mupa_logo.jpg","type":"image\/jpeg"}],"author":"Andrea S\u00e1rmezey","twitter_card":"summary_large_image","twitter_misc":{"Written by":"Andrea S\u00e1rmezey","Est. reading time":"2 minutes"},"schema":{"@context":"https:\/\/schema.org","@graph":[{"@type":"Article","@id":"https:\/\/isic.hu\/en\/muveszetek-palotaja-budapest\/#article","isPartOf":{"@id":"https:\/\/isic.hu\/en\/muveszetek-palotaja-budapest\/"},"author":{"name":"Andrea S\u00e1rmezey","@id":"https:\/\/isic.hu\/#\/schema\/person\/5537455b38a36d232dc4eae17e474994"},"headline":"Palace of Arts","datePublished":"2014-04-22T10:20:27+00:00","dateModified":"2020-01-08T16:35:57+00:00","mainEntityOfPage":{"@id":"https:\/\/isic.hu\/en\/muveszetek-palotaja-budapest\/"},"wordCount":396,"image":{"@id":"https:\/\/isic.hu\/en\/muveszetek-palotaja-budapest\/#primaryimage"},"thumbnailUrl":"https:\/\/isic.hu\/wp-content\/uploads\/2014\/04\/mupa_logo.jpg","keywords":["Budapest"],"articleSection":["Entertainment"],"inLanguage":"en-US"},{"@type":"WebPage","@id":"https:\/\/isic.hu\/en\/muveszetek-palotaja-budapest\/","url":"https:\/\/isic.hu\/en\/muveszetek-palotaja-budapest\/","name":"[:hu]M\u0171v\u00e9szetek Palot\u00e1ja Budapest[:en]Palace of Arts[:] - ISIC Nemzetk\u00f6zi Di\u00e1kigazolv\u00e1ny","isPartOf":{"@id":"https:\/\/isic.hu\/#website"},"primaryImageOfPage":{"@id":"https:\/\/isic.hu\/en\/muveszetek-palotaja-budapest\/#primaryimage"},"image":{"@id":"https:\/\/isic.hu\/en\/muveszetek-palotaja-budapest\/#primaryimage"},"thumbnailUrl":"https:\/\/isic.hu\/wp-content\/uploads\/2014\/04\/mupa_logo.jpg","datePublished":"2014-04-22T10:20:27+00:00","dateModified":"2020-01-08T16:35:57+00:00","author":{"@id":"https:\/\/isic.hu\/#\/schema\/person\/5537455b38a36d232dc4eae17e474994"},"description":"Budapest \u00e9s Magyarorsz\u00e1g vezet\u0151 kultur\u00e1lis int\u00e9zm\u00e9nye, a M\u0171v\u00e9szetek Palot\u00e1ja megnyit\u00e1sa haz\u00e1nk elm\u00falt sz\u00e1z\u00e9ves kult\u00fart\u00f6rt\u00e9net\u00e9nek egyik legkiemelked\u0151bb","breadcrumb":{"@id":"https:\/\/isic.hu\/en\/muveszetek-palotaja-budapest\/#breadcrumb"},"inLanguage":"en-US","potentialAction":[{"@type":"ReadAction","target":["https:\/\/isic.hu\/en\/muveszetek-palotaja-budapest\/"]}]},{"@type":"ImageObject","inLanguage":"en-US","@id":"https:\/\/isic.hu\/en\/muveszetek-palotaja-budapest\/#primaryimage","url":"https:\/\/isic.hu\/wp-content\/uploads\/2014\/04\/mupa_logo.jpg","contentUrl":"https:\/\/isic.hu\/wp-content\/uploads\/2014\/04\/mupa_logo.jpg","width":1000,"height":700},{"@type":"BreadcrumbList","@id":"https:\/\/isic.hu\/en\/muveszetek-palotaja-budapest\/#breadcrumb","itemListElement":[{"@type":"ListItem","position":1,"name":"Home","item":"https:\/\/isic.hu\/en\/"},{"@type":"ListItem","position":2,"name":"M\u0171v\u00e9szetek Palot\u00e1ja Budapest"}]},{"@type":"WebSite","@id":"https:\/\/isic.hu\/#website","url":"https:\/\/isic.hu\/","name":"ISIC Nemzetk\u00f6zi Di\u00e1kigazolv\u00e1ny","description":"International Student Card","potentialAction":[{"@type":"SearchAction","target":{"@type":"EntryPoint","urlTemplate":"https:\/\/isic.hu\/?s={search_term_string}"},"query-input":{"@type":"PropertyValueSpecification","valueRequired":true,"valueName":"search_term_string"}}],"inLanguage":"en-US"},{"@type":"Person","@id":"https:\/\/isic.hu\/#\/schema\/person\/5537455b38a36d232dc4eae17e474994","name":"Andrea S\u00e1rmezey"}]}},"_links":{"self":[{"href":"https:\/\/isic.hu\/en\/wp-json\/wp\/v2\/posts\/1223","targetHints":{"allow":["GET"]}}],"collection":[{"href":"https:\/\/isic.hu\/en\/wp-json\/wp\/v2\/posts"}],"about":[{"href":"https:\/\/isic.hu\/en\/wp-json\/wp\/v2\/types\/post"}],"author":[{"embeddable":true,"href":"https:\/\/isic.hu\/en\/wp-json\/wp\/v2\/users\/3"}],"replies":[{"embeddable":true,"href":"https:\/\/isic.hu\/en\/wp-json\/wp\/v2\/comments?post=1223"}],"version-history":[{"count":4,"href":"https:\/\/isic.hu\/en\/wp-json\/wp\/v2\/posts\/1223\/revisions"}],"predecessor-version":[{"id":3749,"href":"https:\/\/isic.hu\/en\/wp-json\/wp\/v2\/posts\/1223\/revisions\/3749"}],"wp:featuredmedia":[{"embeddable":true,"href":"https:\/\/isic.hu\/en\/wp-json\/wp\/v2\/media\/1245"}],"wp:attachment":[{"href":"https:\/\/isic.hu\/en\/wp-json\/wp\/v2\/media?parent=1223"}],"wp:term":[{"taxonomy":"category","embeddable":true,"href":"https:\/\/isic.hu\/en\/wp-json\/wp\/v2\/categories?post=1223"},{"taxonomy":"post_tag","embeddable":true,"href":"https:\/\/isic.hu\/en\/wp-json\/wp\/v2\/tags?post=1223"}],"curies":[{"name":"wp","href":"https:\/\/api.w.org\/{rel}","templated":true}]}}