{"id":1316,"date":"2014-05-30T09:01:23","date_gmt":"2014-05-30T07:01:23","guid":{"rendered":"https:\/\/isic.hu\/?p=1316"},"modified":"2024-06-06T19:17:39","modified_gmt":"2024-06-06T17:17:39","slug":"kapcsolat-agardi-gyogy-es-termalfurdo","status":"publish","type":"post","link":"https:\/\/isic.hu\/en\/kapcsolat-agardi-gyogy-es-termalfurdo\/","title":{"rendered":"Ag\u00e1rd Thermal Bath and Spa"},"content":{"rendered":"<p> The spa is situated in unique natural surroundings and is expecting throughout the year guests who seek healing, regeneration, and families who wish to relax.<\/p>\n<p>Located in a unique natural environment, the spa awaits guests seeking healing and regeneration and families who want to relax all year round. The spa is situated in unique natural surroundings and is expecting throughout the year guests who seek healing, regeneration, and families who wish to relax<\/p>\n<p><div id='gallery-2' class='gallery galleryid-1316 gallery-columns-3 gallery-size-thumbnail'><figure class='gallery-item'>\n\t\t\t<div class='gallery-icon landscape'>\n\t\t\t\t<a href='https:\/\/isic.hu\/wp-content\/uploads\/2014\/05\/kuelteri_elmeny.jpg'><img loading=\"lazy\" decoding=\"async\" width=\"240\" height=\"240\" src=\"https:\/\/isic.hu\/wp-content\/uploads\/2014\/05\/kuelteri_elmeny-240x240.jpg\" class=\"attachment-thumbnail size-thumbnail\" alt=\"\" \/><\/a>\n\t\t\t<\/div><\/figure><figure class='gallery-item'>\n\t\t\t<div class='gallery-icon landscape'>\n\t\t\t\t<a href='https:\/\/isic.hu\/wp-content\/uploads\/2014\/05\/sam_0601-1-1.jpg'><img loading=\"lazy\" decoding=\"async\" width=\"240\" height=\"240\" src=\"https:\/\/isic.hu\/wp-content\/uploads\/2014\/05\/sam_0601-1-1-240x240.jpg\" class=\"attachment-thumbnail size-thumbnail\" alt=\"\" \/><\/a>\n\t\t\t<\/div><\/figure><figure class='gallery-item'>\n\t\t\t<div class='gallery-icon landscape'>\n\t\t\t\t<a href='https:\/\/isic.hu\/wp-content\/uploads\/2014\/05\/belteri_gyogy.jpg'><img loading=\"lazy\" decoding=\"async\" width=\"240\" height=\"240\" src=\"https:\/\/isic.hu\/wp-content\/uploads\/2014\/05\/belteri_gyogy-240x240.jpg\" class=\"attachment-thumbnail size-thumbnail\" alt=\"\" \/><\/a>\n\t\t\t<\/div><\/figure>\n\t\t<\/div>\n<\/p>","protected":false},"excerpt":{"rendered":"<p>The spa is situated in unique natural surroundings and is expecting throughout the year guests who seek healing, regeneration, and&#8230;<\/p>\n","protected":false},"author":3,"featured_media":5030,"comment_status":"closed","ping_status":"closed","sticky":false,"template":"","format":"standard","meta":{"_acf_changed":false,"footnotes":""},"categories":[7,1],"tags":[121],"class_list":["post-1316","post","type-post","status-publish","format-standard","has-post-thumbnail","hentry","category-egeszseg","category-szorakozas","tag-agard"],"acf":[],"yoast_head":"<!-- This site is optimized with the Yoast SEO plugin v27.2 - https:\/\/yoast.com\/product\/yoast-seo-wordpress\/ -->\n<title>Ag\u00e1rd Thermal Bath and Spa - ISIC Nemzetk\u00f6zi Di\u00e1kigazolv\u00e1ny<\/title>\n<meta name=\"description\" content=\"Az egyed\u00fcl\u00e1ll\u00f3 term\u00e9szeti k\u00f6rnyezetben elhelyezked\u0151 f\u00fcrd\u0151 eg\u00e9sz \u00e9vben v\u00e1rja a gy\u00f3gyul\u00e1st, regener\u00e1l\u00f3d\u00e1st keres\u0151 vend\u00e9geket, \u00e9s a kikapcsol\u00f3dni v\u00e1gy\u00f3\" \/>\n<meta name=\"robots\" content=\"index, follow, max-snippet:-1, max-image-preview:large, max-video-preview:-1\" \/>\n<link rel=\"canonical\" href=\"https:\/\/isic.hu\/kapcsolat-agardi-gyogy-es-termalfurdo\/\" \/>\n<meta property=\"og:locale\" content=\"en_US\" \/>\n<meta property=\"og:type\" content=\"article\" \/>\n<meta property=\"og:title\" content=\"[:hu]Ag\u00e1rdi Gy\u00f3gy- \u00e9s Term\u00e1lf\u00fcrd\u0151[:en]Ag\u00e1rd Thermal Bath and Spa[:] - ISIC Nemzetk\u00f6zi Di\u00e1kigazolv\u00e1ny\" \/>\n<meta property=\"og:description\" content=\"Az egyed\u00fcl\u00e1ll\u00f3 term\u00e9szeti k\u00f6rnyezetben elhelyezked\u0151 f\u00fcrd\u0151 eg\u00e9sz \u00e9vben v\u00e1rja a gy\u00f3gyul\u00e1st, regener\u00e1l\u00f3d\u00e1st keres\u0151 vend\u00e9geket, \u00e9s a kikapcsol\u00f3dni v\u00e1gy\u00f3\" \/>\n<meta property=\"og:url\" content=\"https:\/\/isic.hu\/kapcsolat-agardi-gyogy-es-termalfurdo\/\" \/>\n<meta property=\"og:site_name\" content=\"ISIC Nemzetk\u00f6zi Di\u00e1kigazolv\u00e1ny\" \/>\n<meta property=\"article:publisher\" content=\"https:\/\/www.facebook.com\/isic.hu\/\" \/>\n<meta property=\"article:published_time\" content=\"2014-05-30T07:01:23+00:00\" \/>\n<meta property=\"article:modified_time\" content=\"2024-06-06T17:17:39+00:00\" \/>\n<meta property=\"og:image\" content=\"https:\/\/isic.hu\/wp-content\/uploads\/2014\/05\/logo.png\" \/>\n\t<meta property=\"og:image:width\" content=\"99\" \/>\n\t<meta property=\"og:image:height\" content=\"121\" \/>\n\t<meta property=\"og:image:type\" content=\"image\/png\" \/>\n<meta name=\"author\" content=\"Andrea S\u00e1rmezey\" \/>\n<meta name=\"twitter:card\" content=\"summary_large_image\" \/>\n<meta name=\"twitter:label1\" content=\"Written by\" \/>\n\t<meta name=\"twitter:data1\" content=\"Andrea S\u00e1rmezey\" \/>\n\t<meta name=\"twitter:label2\" content=\"Est. reading time\" \/>\n\t<meta name=\"twitter:data2\" content=\"1 minute\" \/>\n<script type=\"application\/ld+json\" class=\"yoast-schema-graph\">{\"@context\":\"https:\/\/schema.org\",\"@graph\":[{\"@type\":\"Article\",\"@id\":\"https:\/\/isic.hu\/kapcsolat-agardi-gyogy-es-termalfurdo\/#article\",\"isPartOf\":{\"@id\":\"https:\/\/isic.hu\/kapcsolat-agardi-gyogy-es-termalfurdo\/\"},\"author\":{\"name\":\"Andrea S\u00e1rmezey\",\"@id\":\"https:\/\/isic.hu\/#\/schema\/person\/5537455b38a36d232dc4eae17e474994\"},\"headline\":\"Ag\u00e1rd Thermal Bath and Spa\",\"datePublished\":\"2014-05-30T07:01:23+00:00\",\"dateModified\":\"2024-06-06T17:17:39+00:00\",\"mainEntityOfPage\":{\"@id\":\"https:\/\/isic.hu\/kapcsolat-agardi-gyogy-es-termalfurdo\/\"},\"wordCount\":134,\"image\":{\"@id\":\"https:\/\/isic.hu\/kapcsolat-agardi-gyogy-es-termalfurdo\/#primaryimage\"},\"thumbnailUrl\":\"https:\/\/isic.hu\/wp-content\/uploads\/2014\/05\/logo.png\",\"keywords\":[\"Ag\u00e1rd\"],\"articleSection\":[\"Health\",\"Entertainment\"],\"inLanguage\":\"en-US\"},{\"@type\":\"WebPage\",\"@id\":\"https:\/\/isic.hu\/kapcsolat-agardi-gyogy-es-termalfurdo\/\",\"url\":\"https:\/\/isic.hu\/kapcsolat-agardi-gyogy-es-termalfurdo\/\",\"name\":\"[:hu]Ag\u00e1rdi Gy\u00f3gy- \u00e9s Term\u00e1lf\u00fcrd\u0151[:en]Ag\u00e1rd Thermal Bath and Spa[:] - ISIC Nemzetk\u00f6zi Di\u00e1kigazolv\u00e1ny\",\"isPartOf\":{\"@id\":\"https:\/\/isic.hu\/#website\"},\"primaryImageOfPage\":{\"@id\":\"https:\/\/isic.hu\/kapcsolat-agardi-gyogy-es-termalfurdo\/#primaryimage\"},\"image\":{\"@id\":\"https:\/\/isic.hu\/kapcsolat-agardi-gyogy-es-termalfurdo\/#primaryimage\"},\"thumbnailUrl\":\"https:\/\/isic.hu\/wp-content\/uploads\/2014\/05\/logo.png\",\"datePublished\":\"2014-05-30T07:01:23+00:00\",\"dateModified\":\"2024-06-06T17:17:39+00:00\",\"author\":{\"@id\":\"https:\/\/isic.hu\/#\/schema\/person\/5537455b38a36d232dc4eae17e474994\"},\"description\":\"Az egyed\u00fcl\u00e1ll\u00f3 term\u00e9szeti k\u00f6rnyezetben elhelyezked\u0151 f\u00fcrd\u0151 eg\u00e9sz \u00e9vben v\u00e1rja a gy\u00f3gyul\u00e1st, regener\u00e1l\u00f3d\u00e1st keres\u0151 vend\u00e9geket, \u00e9s a kikapcsol\u00f3dni v\u00e1gy\u00f3\",\"breadcrumb\":{\"@id\":\"https:\/\/isic.hu\/kapcsolat-agardi-gyogy-es-termalfurdo\/#breadcrumb\"},\"inLanguage\":\"en-US\",\"potentialAction\":[{\"@type\":\"ReadAction\",\"target\":[\"https:\/\/isic.hu\/kapcsolat-agardi-gyogy-es-termalfurdo\/\"]}]},{\"@type\":\"ImageObject\",\"inLanguage\":\"en-US\",\"@id\":\"https:\/\/isic.hu\/kapcsolat-agardi-gyogy-es-termalfurdo\/#primaryimage\",\"url\":\"https:\/\/isic.hu\/wp-content\/uploads\/2014\/05\/logo.png\",\"contentUrl\":\"https:\/\/isic.hu\/wp-content\/uploads\/2014\/05\/logo.png\",\"width\":99,\"height\":121},{\"@type\":\"BreadcrumbList\",\"@id\":\"https:\/\/isic.hu\/kapcsolat-agardi-gyogy-es-termalfurdo\/#breadcrumb\",\"itemListElement\":[{\"@type\":\"ListItem\",\"position\":1,\"name\":\"Home\",\"item\":\"https:\/\/isic.hu\/en\/\"},{\"@type\":\"ListItem\",\"position\":2,\"name\":\"Ag\u00e1rdi Gy\u00f3gy- \u00e9s Term\u00e1lf\u00fcrd\u0151\"}]},{\"@type\":\"WebSite\",\"@id\":\"https:\/\/isic.hu\/#website\",\"url\":\"https:\/\/isic.hu\/\",\"name\":\"ISIC Nemzetk\u00f6zi Di\u00e1kigazolv\u00e1ny\",\"description\":\"International Student Card\",\"potentialAction\":[{\"@type\":\"SearchAction\",\"target\":{\"@type\":\"EntryPoint\",\"urlTemplate\":\"https:\/\/isic.hu\/?s={search_term_string}\"},\"query-input\":{\"@type\":\"PropertyValueSpecification\",\"valueRequired\":true,\"valueName\":\"search_term_string\"}}],\"inLanguage\":\"en-US\"},{\"@type\":\"Person\",\"@id\":\"https:\/\/isic.hu\/#\/schema\/person\/5537455b38a36d232dc4eae17e474994\",\"name\":\"Andrea S\u00e1rmezey\"}]}<\/script>\n<!-- \/ Yoast SEO plugin. -->","yoast_head_json":{"title":"[:hu]Ag\u00e1rdi Gy\u00f3gy- \u00e9s Term\u00e1lf\u00fcrd\u0151[:en]Ag\u00e1rd Thermal Bath and Spa[:] - ISIC Nemzetk\u00f6zi Di\u00e1kigazolv\u00e1ny","description":"Az egyed\u00fcl\u00e1ll\u00f3 term\u00e9szeti k\u00f6rnyezetben elhelyezked\u0151 f\u00fcrd\u0151 eg\u00e9sz \u00e9vben v\u00e1rja a gy\u00f3gyul\u00e1st, regener\u00e1l\u00f3d\u00e1st keres\u0151 vend\u00e9geket, \u00e9s a kikapcsol\u00f3dni v\u00e1gy\u00f3","robots":{"index":"index","follow":"follow","max-snippet":"max-snippet:-1","max-image-preview":"max-image-preview:large","max-video-preview":"max-video-preview:-1"},"canonical":"https:\/\/isic.hu\/kapcsolat-agardi-gyogy-es-termalfurdo\/","og_locale":"en_US","og_type":"article","og_title":"[:hu]Ag\u00e1rdi Gy\u00f3gy- \u00e9s Term\u00e1lf\u00fcrd\u0151[:en]Ag\u00e1rd Thermal Bath and Spa[:] - ISIC Nemzetk\u00f6zi Di\u00e1kigazolv\u00e1ny","og_description":"Az egyed\u00fcl\u00e1ll\u00f3 term\u00e9szeti k\u00f6rnyezetben elhelyezked\u0151 f\u00fcrd\u0151 eg\u00e9sz \u00e9vben v\u00e1rja a gy\u00f3gyul\u00e1st, regener\u00e1l\u00f3d\u00e1st keres\u0151 vend\u00e9geket, \u00e9s a kikapcsol\u00f3dni v\u00e1gy\u00f3","og_url":"https:\/\/isic.hu\/kapcsolat-agardi-gyogy-es-termalfurdo\/","og_site_name":"ISIC Nemzetk\u00f6zi Di\u00e1kigazolv\u00e1ny","article_publisher":"https:\/\/www.facebook.com\/isic.hu\/","article_published_time":"2014-05-30T07:01:23+00:00","article_modified_time":"2024-06-06T17:17:39+00:00","og_image":[{"width":99,"height":121,"url":"https:\/\/isic.hu\/wp-content\/uploads\/2014\/05\/logo.png","type":"image\/png"}],"author":"Andrea S\u00e1rmezey","twitter_card":"summary_large_image","twitter_misc":{"Written by":"Andrea S\u00e1rmezey","Est. reading time":"1 minute"},"schema":{"@context":"https:\/\/schema.org","@graph":[{"@type":"Article","@id":"https:\/\/isic.hu\/kapcsolat-agardi-gyogy-es-termalfurdo\/#article","isPartOf":{"@id":"https:\/\/isic.hu\/kapcsolat-agardi-gyogy-es-termalfurdo\/"},"author":{"name":"Andrea S\u00e1rmezey","@id":"https:\/\/isic.hu\/#\/schema\/person\/5537455b38a36d232dc4eae17e474994"},"headline":"Ag\u00e1rd Thermal Bath and Spa","datePublished":"2014-05-30T07:01:23+00:00","dateModified":"2024-06-06T17:17:39+00:00","mainEntityOfPage":{"@id":"https:\/\/isic.hu\/kapcsolat-agardi-gyogy-es-termalfurdo\/"},"wordCount":134,"image":{"@id":"https:\/\/isic.hu\/kapcsolat-agardi-gyogy-es-termalfurdo\/#primaryimage"},"thumbnailUrl":"https:\/\/isic.hu\/wp-content\/uploads\/2014\/05\/logo.png","keywords":["Ag\u00e1rd"],"articleSection":["Health","Entertainment"],"inLanguage":"en-US"},{"@type":"WebPage","@id":"https:\/\/isic.hu\/kapcsolat-agardi-gyogy-es-termalfurdo\/","url":"https:\/\/isic.hu\/kapcsolat-agardi-gyogy-es-termalfurdo\/","name":"[:hu]Ag\u00e1rdi Gy\u00f3gy- \u00e9s Term\u00e1lf\u00fcrd\u0151[:en]Ag\u00e1rd Thermal Bath and Spa[:] - ISIC Nemzetk\u00f6zi Di\u00e1kigazolv\u00e1ny","isPartOf":{"@id":"https:\/\/isic.hu\/#website"},"primaryImageOfPage":{"@id":"https:\/\/isic.hu\/kapcsolat-agardi-gyogy-es-termalfurdo\/#primaryimage"},"image":{"@id":"https:\/\/isic.hu\/kapcsolat-agardi-gyogy-es-termalfurdo\/#primaryimage"},"thumbnailUrl":"https:\/\/isic.hu\/wp-content\/uploads\/2014\/05\/logo.png","datePublished":"2014-05-30T07:01:23+00:00","dateModified":"2024-06-06T17:17:39+00:00","author":{"@id":"https:\/\/isic.hu\/#\/schema\/person\/5537455b38a36d232dc4eae17e474994"},"description":"Az egyed\u00fcl\u00e1ll\u00f3 term\u00e9szeti k\u00f6rnyezetben elhelyezked\u0151 f\u00fcrd\u0151 eg\u00e9sz \u00e9vben v\u00e1rja a gy\u00f3gyul\u00e1st, regener\u00e1l\u00f3d\u00e1st keres\u0151 vend\u00e9geket, \u00e9s a kikapcsol\u00f3dni v\u00e1gy\u00f3","breadcrumb":{"@id":"https:\/\/isic.hu\/kapcsolat-agardi-gyogy-es-termalfurdo\/#breadcrumb"},"inLanguage":"en-US","potentialAction":[{"@type":"ReadAction","target":["https:\/\/isic.hu\/kapcsolat-agardi-gyogy-es-termalfurdo\/"]}]},{"@type":"ImageObject","inLanguage":"en-US","@id":"https:\/\/isic.hu\/kapcsolat-agardi-gyogy-es-termalfurdo\/#primaryimage","url":"https:\/\/isic.hu\/wp-content\/uploads\/2014\/05\/logo.png","contentUrl":"https:\/\/isic.hu\/wp-content\/uploads\/2014\/05\/logo.png","width":99,"height":121},{"@type":"BreadcrumbList","@id":"https:\/\/isic.hu\/kapcsolat-agardi-gyogy-es-termalfurdo\/#breadcrumb","itemListElement":[{"@type":"ListItem","position":1,"name":"Home","item":"https:\/\/isic.hu\/en\/"},{"@type":"ListItem","position":2,"name":"Ag\u00e1rdi Gy\u00f3gy- \u00e9s Term\u00e1lf\u00fcrd\u0151"}]},{"@type":"WebSite","@id":"https:\/\/isic.hu\/#website","url":"https:\/\/isic.hu\/","name":"ISIC Nemzetk\u00f6zi Di\u00e1kigazolv\u00e1ny","description":"International Student Card","potentialAction":[{"@type":"SearchAction","target":{"@type":"EntryPoint","urlTemplate":"https:\/\/isic.hu\/?s={search_term_string}"},"query-input":{"@type":"PropertyValueSpecification","valueRequired":true,"valueName":"search_term_string"}}],"inLanguage":"en-US"},{"@type":"Person","@id":"https:\/\/isic.hu\/#\/schema\/person\/5537455b38a36d232dc4eae17e474994","name":"Andrea S\u00e1rmezey"}]}},"_links":{"self":[{"href":"https:\/\/isic.hu\/en\/wp-json\/wp\/v2\/posts\/1316","targetHints":{"allow":["GET"]}}],"collection":[{"href":"https:\/\/isic.hu\/en\/wp-json\/wp\/v2\/posts"}],"about":[{"href":"https:\/\/isic.hu\/en\/wp-json\/wp\/v2\/types\/post"}],"author":[{"embeddable":true,"href":"https:\/\/isic.hu\/en\/wp-json\/wp\/v2\/users\/3"}],"replies":[{"embeddable":true,"href":"https:\/\/isic.hu\/en\/wp-json\/wp\/v2\/comments?post=1316"}],"version-history":[{"count":7,"href":"https:\/\/isic.hu\/en\/wp-json\/wp\/v2\/posts\/1316\/revisions"}],"predecessor-version":[{"id":5038,"href":"https:\/\/isic.hu\/en\/wp-json\/wp\/v2\/posts\/1316\/revisions\/5038"}],"wp:featuredmedia":[{"embeddable":true,"href":"https:\/\/isic.hu\/en\/wp-json\/wp\/v2\/media\/5030"}],"wp:attachment":[{"href":"https:\/\/isic.hu\/en\/wp-json\/wp\/v2\/media?parent=1316"}],"wp:term":[{"taxonomy":"category","embeddable":true,"href":"https:\/\/isic.hu\/en\/wp-json\/wp\/v2\/categories?post=1316"},{"taxonomy":"post_tag","embeddable":true,"href":"https:\/\/isic.hu\/en\/wp-json\/wp\/v2\/tags?post=1316"}],"curies":[{"name":"wp","href":"https:\/\/api.w.org\/{rel}","templated":true}]}}