{"id":1506,"date":"2014-08-13T12:37:39","date_gmt":"2014-08-13T10:37:39","guid":{"rendered":"http:\/\/www.isic.hu\/?p=1506"},"modified":"2016-03-16T15:43:44","modified_gmt":"2016-03-16T14:43:44","slug":"bartok-bela-emlekhaz","status":"publish","type":"post","link":"https:\/\/isic.hu\/en\/bartok-bela-emlekhaz\/","title":{"rendered":"Bart\u00f3k Museum"},"content":{"rendered":"<p>The renowned house on Csal\u00e1n Road, which guards and promulgates the memory of the greatest genius of Hungarian music, was built in the skirts of the forests-hills of Buda in 1924. In those years, the neighbourhood, with exuberantly splendid gardens and only a few houses, was more a part of what we would call it today &#8211; a &#8220;landscape protection district&#8221;, than the noisy Capital. The composer, who could not stand the clamour of the metropolis, the din of machines and engines and the inquisitive and prying nature of people, found an ideal home in the district rich in fragrant fresh air and tranquillity only broken by the twittering of birds. From 1932, the house and garden previously bearing the number 27, and later number 29 as historical fate will it so was B\u00e9la Bart\u00f3k&#8217;s last residence in Hungary. Now it is a museum, more precisely, it is a memorial site that attentively guards Bart\u00f3k&#8217;s personal belongings and regularly evokes his spirit through his music.<\/p>","protected":false},"excerpt":{"rendered":"<p>The renowned house on Csal\u00e1n Road, which guards and promulgates the memory of the greatest genius of Hungarian music, was&#8230;<\/p>\n","protected":false},"author":3,"featured_media":1507,"comment_status":"closed","ping_status":"closed","sticky":false,"template":"","format":"standard","meta":{"_acf_changed":false,"footnotes":""},"categories":[1],"tags":[4],"class_list":["post-1506","post","type-post","status-publish","format-standard","has-post-thumbnail","hentry","category-szorakozas","tag-budapest"],"acf":[],"yoast_head":"<!-- This site is optimized with the Yoast SEO plugin v27.2 - https:\/\/yoast.com\/product\/yoast-seo-wordpress\/ -->\n<title>Bart\u00f3k B\u00e9la Eml\u00e9kh\u00e1zBart\u00f3k Museum - ISIC Nemzetk\u00f6zi Di\u00e1kigazolv\u00e1ny<\/title>\n<meta name=\"description\" content=\"A Csal\u00e1n \u00fat nevezetes h\u00e1za, amely ma a magyar zene legnagyobb g\u00e9niusz\u00e1nak eml\u00e9k\u00e9t \u0151rzi \u00e9s hirdeti, 1924-ben \u00e9p\u00fclt a budai erd\u0151k-dombok t\u00f6v\u00e9ben. A k\u00f6rny\u00e9k,\" \/>\n<meta name=\"robots\" content=\"index, follow, max-snippet:-1, max-image-preview:large, max-video-preview:-1\" \/>\n<link rel=\"canonical\" href=\"https:\/\/isic.hu\/en\/bartok-bela-emlekhaz\/\" \/>\n<meta property=\"og:locale\" content=\"en_US\" \/>\n<meta property=\"og:type\" content=\"article\" \/>\n<meta property=\"og:title\" content=\"Bart\u00f3k B\u00e9la Eml\u00e9kh\u00e1zBart\u00f3k Museum - ISIC Nemzetk\u00f6zi Di\u00e1kigazolv\u00e1ny\" \/>\n<meta property=\"og:description\" content=\"A Csal\u00e1n \u00fat nevezetes h\u00e1za, amely ma a magyar zene legnagyobb g\u00e9niusz\u00e1nak eml\u00e9k\u00e9t \u0151rzi \u00e9s hirdeti, 1924-ben \u00e9p\u00fclt a budai erd\u0151k-dombok t\u00f6v\u00e9ben. A k\u00f6rny\u00e9k,\" \/>\n<meta property=\"og:url\" content=\"https:\/\/isic.hu\/en\/bartok-bela-emlekhaz\/\" \/>\n<meta property=\"og:site_name\" content=\"ISIC Nemzetk\u00f6zi Di\u00e1kigazolv\u00e1ny\" \/>\n<meta property=\"article:publisher\" content=\"https:\/\/www.facebook.com\/isic.hu\/\" \/>\n<meta property=\"article:published_time\" content=\"2014-08-13T10:37:39+00:00\" \/>\n<meta property=\"article:modified_time\" content=\"2016-03-16T14:43:44+00:00\" \/>\n<meta property=\"og:image\" content=\"https:\/\/isic.hu\/wp-content\/uploads\/2014\/08\/123726_270_bartkbla.jpg\" \/>\n\t<meta property=\"og:image:width\" content=\"700\" \/>\n\t<meta property=\"og:image:height\" content=\"525\" \/>\n\t<meta property=\"og:image:type\" content=\"image\/jpeg\" \/>\n<meta name=\"author\" content=\"Andrea S\u00e1rmezey\" \/>\n<meta name=\"twitter:card\" content=\"summary_large_image\" \/>\n<meta name=\"twitter:label1\" content=\"Written by\" \/>\n\t<meta name=\"twitter:data1\" content=\"Andrea S\u00e1rmezey\" \/>\n\t<meta name=\"twitter:label2\" content=\"Est. reading time\" \/>\n\t<meta name=\"twitter:data2\" content=\"2 minutes\" \/>\n<script type=\"application\/ld+json\" class=\"yoast-schema-graph\">{\"@context\":\"https:\/\/schema.org\",\"@graph\":[{\"@type\":\"Article\",\"@id\":\"https:\/\/isic.hu\/en\/bartok-bela-emlekhaz\/#article\",\"isPartOf\":{\"@id\":\"https:\/\/isic.hu\/en\/bartok-bela-emlekhaz\/\"},\"author\":{\"name\":\"Andrea S\u00e1rmezey\",\"@id\":\"https:\/\/isic.hu\/#\/schema\/person\/5537455b38a36d232dc4eae17e474994\"},\"headline\":\"Bart\u00f3k Museum\",\"datePublished\":\"2014-08-13T10:37:39+00:00\",\"dateModified\":\"2016-03-16T14:43:44+00:00\",\"mainEntityOfPage\":{\"@id\":\"https:\/\/isic.hu\/en\/bartok-bela-emlekhaz\/\"},\"wordCount\":363,\"image\":{\"@id\":\"https:\/\/isic.hu\/en\/bartok-bela-emlekhaz\/#primaryimage\"},\"thumbnailUrl\":\"https:\/\/isic.hu\/wp-content\/uploads\/2014\/08\/123726_270_bartkbla.jpg\",\"keywords\":[\"Budapest\"],\"articleSection\":[\"Entertainment\"],\"inLanguage\":\"en-US\"},{\"@type\":\"WebPage\",\"@id\":\"https:\/\/isic.hu\/en\/bartok-bela-emlekhaz\/\",\"url\":\"https:\/\/isic.hu\/en\/bartok-bela-emlekhaz\/\",\"name\":\"Bart\u00f3k B\u00e9la Eml\u00e9kh\u00e1zBart\u00f3k Museum - ISIC Nemzetk\u00f6zi Di\u00e1kigazolv\u00e1ny\",\"isPartOf\":{\"@id\":\"https:\/\/isic.hu\/#website\"},\"primaryImageOfPage\":{\"@id\":\"https:\/\/isic.hu\/en\/bartok-bela-emlekhaz\/#primaryimage\"},\"image\":{\"@id\":\"https:\/\/isic.hu\/en\/bartok-bela-emlekhaz\/#primaryimage\"},\"thumbnailUrl\":\"https:\/\/isic.hu\/wp-content\/uploads\/2014\/08\/123726_270_bartkbla.jpg\",\"datePublished\":\"2014-08-13T10:37:39+00:00\",\"dateModified\":\"2016-03-16T14:43:44+00:00\",\"author\":{\"@id\":\"https:\/\/isic.hu\/#\/schema\/person\/5537455b38a36d232dc4eae17e474994\"},\"description\":\"A Csal\u00e1n \u00fat nevezetes h\u00e1za, amely ma a magyar zene legnagyobb g\u00e9niusz\u00e1nak eml\u00e9k\u00e9t \u0151rzi \u00e9s hirdeti, 1924-ben \u00e9p\u00fclt a budai erd\u0151k-dombok t\u00f6v\u00e9ben. A k\u00f6rny\u00e9k,\",\"breadcrumb\":{\"@id\":\"https:\/\/isic.hu\/en\/bartok-bela-emlekhaz\/#breadcrumb\"},\"inLanguage\":\"en-US\",\"potentialAction\":[{\"@type\":\"ReadAction\",\"target\":[\"https:\/\/isic.hu\/en\/bartok-bela-emlekhaz\/\"]}]},{\"@type\":\"ImageObject\",\"inLanguage\":\"en-US\",\"@id\":\"https:\/\/isic.hu\/en\/bartok-bela-emlekhaz\/#primaryimage\",\"url\":\"https:\/\/isic.hu\/wp-content\/uploads\/2014\/08\/123726_270_bartkbla.jpg\",\"contentUrl\":\"https:\/\/isic.hu\/wp-content\/uploads\/2014\/08\/123726_270_bartkbla.jpg\",\"width\":700,\"height\":525},{\"@type\":\"BreadcrumbList\",\"@id\":\"https:\/\/isic.hu\/en\/bartok-bela-emlekhaz\/#breadcrumb\",\"itemListElement\":[{\"@type\":\"ListItem\",\"position\":1,\"name\":\"Home\",\"item\":\"https:\/\/isic.hu\/en\/\"},{\"@type\":\"ListItem\",\"position\":2,\"name\":\"Bart\u00f3k B\u00e9la Eml\u00e9kh\u00e1z\"}]},{\"@type\":\"WebSite\",\"@id\":\"https:\/\/isic.hu\/#website\",\"url\":\"https:\/\/isic.hu\/\",\"name\":\"ISIC Nemzetk\u00f6zi Di\u00e1kigazolv\u00e1ny\",\"description\":\"International Student Card\",\"potentialAction\":[{\"@type\":\"SearchAction\",\"target\":{\"@type\":\"EntryPoint\",\"urlTemplate\":\"https:\/\/isic.hu\/?s={search_term_string}\"},\"query-input\":{\"@type\":\"PropertyValueSpecification\",\"valueRequired\":true,\"valueName\":\"search_term_string\"}}],\"inLanguage\":\"en-US\"},{\"@type\":\"Person\",\"@id\":\"https:\/\/isic.hu\/#\/schema\/person\/5537455b38a36d232dc4eae17e474994\",\"name\":\"Andrea S\u00e1rmezey\"}]}<\/script>\n<!-- \/ Yoast SEO plugin. -->","yoast_head_json":{"title":"Bart\u00f3k B\u00e9la Eml\u00e9kh\u00e1zBart\u00f3k Museum - ISIC Nemzetk\u00f6zi Di\u00e1kigazolv\u00e1ny","description":"A Csal\u00e1n \u00fat nevezetes h\u00e1za, amely ma a magyar zene legnagyobb g\u00e9niusz\u00e1nak eml\u00e9k\u00e9t \u0151rzi \u00e9s hirdeti, 1924-ben \u00e9p\u00fclt a budai erd\u0151k-dombok t\u00f6v\u00e9ben. A k\u00f6rny\u00e9k,","robots":{"index":"index","follow":"follow","max-snippet":"max-snippet:-1","max-image-preview":"max-image-preview:large","max-video-preview":"max-video-preview:-1"},"canonical":"https:\/\/isic.hu\/en\/bartok-bela-emlekhaz\/","og_locale":"en_US","og_type":"article","og_title":"Bart\u00f3k B\u00e9la Eml\u00e9kh\u00e1zBart\u00f3k Museum - ISIC Nemzetk\u00f6zi Di\u00e1kigazolv\u00e1ny","og_description":"A Csal\u00e1n \u00fat nevezetes h\u00e1za, amely ma a magyar zene legnagyobb g\u00e9niusz\u00e1nak eml\u00e9k\u00e9t \u0151rzi \u00e9s hirdeti, 1924-ben \u00e9p\u00fclt a budai erd\u0151k-dombok t\u00f6v\u00e9ben. A k\u00f6rny\u00e9k,","og_url":"https:\/\/isic.hu\/en\/bartok-bela-emlekhaz\/","og_site_name":"ISIC Nemzetk\u00f6zi Di\u00e1kigazolv\u00e1ny","article_publisher":"https:\/\/www.facebook.com\/isic.hu\/","article_published_time":"2014-08-13T10:37:39+00:00","article_modified_time":"2016-03-16T14:43:44+00:00","og_image":[{"width":700,"height":525,"url":"https:\/\/isic.hu\/wp-content\/uploads\/2014\/08\/123726_270_bartkbla.jpg","type":"image\/jpeg"}],"author":"Andrea S\u00e1rmezey","twitter_card":"summary_large_image","twitter_misc":{"Written by":"Andrea S\u00e1rmezey","Est. reading time":"2 minutes"},"schema":{"@context":"https:\/\/schema.org","@graph":[{"@type":"Article","@id":"https:\/\/isic.hu\/en\/bartok-bela-emlekhaz\/#article","isPartOf":{"@id":"https:\/\/isic.hu\/en\/bartok-bela-emlekhaz\/"},"author":{"name":"Andrea S\u00e1rmezey","@id":"https:\/\/isic.hu\/#\/schema\/person\/5537455b38a36d232dc4eae17e474994"},"headline":"Bart\u00f3k Museum","datePublished":"2014-08-13T10:37:39+00:00","dateModified":"2016-03-16T14:43:44+00:00","mainEntityOfPage":{"@id":"https:\/\/isic.hu\/en\/bartok-bela-emlekhaz\/"},"wordCount":363,"image":{"@id":"https:\/\/isic.hu\/en\/bartok-bela-emlekhaz\/#primaryimage"},"thumbnailUrl":"https:\/\/isic.hu\/wp-content\/uploads\/2014\/08\/123726_270_bartkbla.jpg","keywords":["Budapest"],"articleSection":["Entertainment"],"inLanguage":"en-US"},{"@type":"WebPage","@id":"https:\/\/isic.hu\/en\/bartok-bela-emlekhaz\/","url":"https:\/\/isic.hu\/en\/bartok-bela-emlekhaz\/","name":"Bart\u00f3k B\u00e9la Eml\u00e9kh\u00e1zBart\u00f3k Museum - ISIC Nemzetk\u00f6zi Di\u00e1kigazolv\u00e1ny","isPartOf":{"@id":"https:\/\/isic.hu\/#website"},"primaryImageOfPage":{"@id":"https:\/\/isic.hu\/en\/bartok-bela-emlekhaz\/#primaryimage"},"image":{"@id":"https:\/\/isic.hu\/en\/bartok-bela-emlekhaz\/#primaryimage"},"thumbnailUrl":"https:\/\/isic.hu\/wp-content\/uploads\/2014\/08\/123726_270_bartkbla.jpg","datePublished":"2014-08-13T10:37:39+00:00","dateModified":"2016-03-16T14:43:44+00:00","author":{"@id":"https:\/\/isic.hu\/#\/schema\/person\/5537455b38a36d232dc4eae17e474994"},"description":"A Csal\u00e1n \u00fat nevezetes h\u00e1za, amely ma a magyar zene legnagyobb g\u00e9niusz\u00e1nak eml\u00e9k\u00e9t \u0151rzi \u00e9s hirdeti, 1924-ben \u00e9p\u00fclt a budai erd\u0151k-dombok t\u00f6v\u00e9ben. A k\u00f6rny\u00e9k,","breadcrumb":{"@id":"https:\/\/isic.hu\/en\/bartok-bela-emlekhaz\/#breadcrumb"},"inLanguage":"en-US","potentialAction":[{"@type":"ReadAction","target":["https:\/\/isic.hu\/en\/bartok-bela-emlekhaz\/"]}]},{"@type":"ImageObject","inLanguage":"en-US","@id":"https:\/\/isic.hu\/en\/bartok-bela-emlekhaz\/#primaryimage","url":"https:\/\/isic.hu\/wp-content\/uploads\/2014\/08\/123726_270_bartkbla.jpg","contentUrl":"https:\/\/isic.hu\/wp-content\/uploads\/2014\/08\/123726_270_bartkbla.jpg","width":700,"height":525},{"@type":"BreadcrumbList","@id":"https:\/\/isic.hu\/en\/bartok-bela-emlekhaz\/#breadcrumb","itemListElement":[{"@type":"ListItem","position":1,"name":"Home","item":"https:\/\/isic.hu\/en\/"},{"@type":"ListItem","position":2,"name":"Bart\u00f3k B\u00e9la Eml\u00e9kh\u00e1z"}]},{"@type":"WebSite","@id":"https:\/\/isic.hu\/#website","url":"https:\/\/isic.hu\/","name":"ISIC Nemzetk\u00f6zi Di\u00e1kigazolv\u00e1ny","description":"International Student Card","potentialAction":[{"@type":"SearchAction","target":{"@type":"EntryPoint","urlTemplate":"https:\/\/isic.hu\/?s={search_term_string}"},"query-input":{"@type":"PropertyValueSpecification","valueRequired":true,"valueName":"search_term_string"}}],"inLanguage":"en-US"},{"@type":"Person","@id":"https:\/\/isic.hu\/#\/schema\/person\/5537455b38a36d232dc4eae17e474994","name":"Andrea S\u00e1rmezey"}]}},"_links":{"self":[{"href":"https:\/\/isic.hu\/en\/wp-json\/wp\/v2\/posts\/1506","targetHints":{"allow":["GET"]}}],"collection":[{"href":"https:\/\/isic.hu\/en\/wp-json\/wp\/v2\/posts"}],"about":[{"href":"https:\/\/isic.hu\/en\/wp-json\/wp\/v2\/types\/post"}],"author":[{"embeddable":true,"href":"https:\/\/isic.hu\/en\/wp-json\/wp\/v2\/users\/3"}],"replies":[{"embeddable":true,"href":"https:\/\/isic.hu\/en\/wp-json\/wp\/v2\/comments?post=1506"}],"version-history":[{"count":1,"href":"https:\/\/isic.hu\/en\/wp-json\/wp\/v2\/posts\/1506\/revisions"}],"predecessor-version":[{"id":1508,"href":"https:\/\/isic.hu\/en\/wp-json\/wp\/v2\/posts\/1506\/revisions\/1508"}],"wp:featuredmedia":[{"embeddable":true,"href":"https:\/\/isic.hu\/en\/wp-json\/wp\/v2\/media\/1507"}],"wp:attachment":[{"href":"https:\/\/isic.hu\/en\/wp-json\/wp\/v2\/media?parent=1506"}],"wp:term":[{"taxonomy":"category","embeddable":true,"href":"https:\/\/isic.hu\/en\/wp-json\/wp\/v2\/categories?post=1506"},{"taxonomy":"post_tag","embeddable":true,"href":"https:\/\/isic.hu\/en\/wp-json\/wp\/v2\/tags?post=1506"}],"curies":[{"name":"wp","href":"https:\/\/api.w.org\/{rel}","templated":true}]}}