{"id":151,"date":"2013-09-05T18:46:38","date_gmt":"2013-09-05T18:46:38","guid":{"rendered":"https:\/\/isic.hu\/test\/?p=151"},"modified":"2016-03-16T15:43:56","modified_gmt":"2016-03-16T14:43:56","slug":"legenda-kft","status":"publish","type":"post","link":"https:\/\/isic.hu\/en\/legenda-kft\/","title":{"rendered":"Legenda Kft"},"content":{"rendered":"<p>Budapest legend\u00e1i \u00e9letre kelnek a nappali v\u00e1rosn\u00e9z\u0151 haj\u00f3z\u00e1s sor\u00e1n, ak\u00e1r Margitszigeti kisz\u00e1ll\u00e1ssal \u00e9s s\u00e9t\u00e1val egybek\u00f6tve. Este a f\u00e9nyek \u00e9s hangok k\u00fcl\u00f6nleges j\u00e1t\u00e9ka, \u00e9s az egy \u00f3r\u00e1s k\u00eds\u00e9r\u0151 film teszi hangulatoss\u00e1 haj\u00f3\u00fatjainkat. 30 nyelv\u0171 idegenvezet\u00e9s a fed\u00e9lzeten. Italk\u00ednalatunkb\u00f3l szabadon v\u00e1laszthat egy poh\u00e1rral &#8211; pezsg\u0151, bor, s\u00f6r, \u00fcd\u00edt\u0151, \u00e1sv\u00e1nyv\u00edz.<\/p>","protected":false},"excerpt":{"rendered":"<p>Budapest legend\u00e1i \u00e9letre kelnek a nappali v\u00e1rosn\u00e9z\u0151 haj\u00f3z\u00e1s sor\u00e1n, ak\u00e1r Margitszigeti kisz\u00e1ll\u00e1ssal \u00e9s s\u00e9t\u00e1val egybek\u00f6tve. Este a f\u00e9nyek \u00e9s hangok&#8230;<\/p>\n","protected":false},"author":3,"featured_media":804,"comment_status":"closed","ping_status":"open","sticky":false,"template":"","format":"standard","meta":{"_acf_changed":false,"footnotes":""},"categories":[1],"tags":[4],"class_list":["post-151","post","type-post","status-publish","format-standard","has-post-thumbnail","hentry","category-szorakozas","tag-budapest"],"acf":[],"yoast_head":"<!-- This site is optimized with the Yoast SEO plugin v27.2 - https:\/\/yoast.com\/product\/yoast-seo-wordpress\/ -->\n<title>Legenda Kft - ISIC Nemzetk\u00f6zi Di\u00e1kigazolv\u00e1ny<\/title>\n<meta name=\"description\" content=\"Budapest legend\u00e1i \u00e9letre kelnek a nappali v\u00e1rosn\u00e9z\u0151 haj\u00f3z\u00e1s sor\u00e1n, ak\u00e1r Margitszigeti kisz\u00e1ll\u00e1ssal \u00e9s s\u00e9t\u00e1val egybek\u00f6tve. Este a f\u00e9nyek \u00e9s hangok\" \/>\n<meta name=\"robots\" content=\"index, follow, max-snippet:-1, max-image-preview:large, max-video-preview:-1\" \/>\n<link rel=\"canonical\" href=\"https:\/\/isic.hu\/en\/legenda-kft\/\" \/>\n<meta property=\"og:locale\" content=\"en_US\" \/>\n<meta property=\"og:type\" content=\"article\" \/>\n<meta property=\"og:title\" content=\"Legenda Kft - ISIC Nemzetk\u00f6zi Di\u00e1kigazolv\u00e1ny\" \/>\n<meta property=\"og:description\" content=\"Budapest legend\u00e1i \u00e9letre kelnek a nappali v\u00e1rosn\u00e9z\u0151 haj\u00f3z\u00e1s sor\u00e1n, ak\u00e1r Margitszigeti kisz\u00e1ll\u00e1ssal \u00e9s s\u00e9t\u00e1val egybek\u00f6tve. Este a f\u00e9nyek \u00e9s hangok\" \/>\n<meta property=\"og:url\" content=\"https:\/\/isic.hu\/en\/legenda-kft\/\" \/>\n<meta property=\"og:site_name\" content=\"ISIC Nemzetk\u00f6zi Di\u00e1kigazolv\u00e1ny\" \/>\n<meta property=\"article:publisher\" content=\"https:\/\/www.facebook.com\/isic.hu\/\" \/>\n<meta property=\"article:published_time\" content=\"2013-09-05T18:46:38+00:00\" \/>\n<meta property=\"article:modified_time\" content=\"2016-03-16T14:43:56+00:00\" \/>\n<meta property=\"og:image\" content=\"https:\/\/isic.hu\/wp-content\/uploads\/2013\/09\/images1.jpg\" \/>\n\t<meta property=\"og:image:width\" content=\"270\" \/>\n\t<meta property=\"og:image:height\" content=\"187\" \/>\n\t<meta property=\"og:image:type\" content=\"image\/jpeg\" \/>\n<meta name=\"author\" content=\"Andrea S\u00e1rmezey\" \/>\n<meta name=\"twitter:card\" content=\"summary_large_image\" \/>\n<meta name=\"twitter:label1\" content=\"Written by\" \/>\n\t<meta name=\"twitter:data1\" content=\"Andrea S\u00e1rmezey\" \/>\n\t<meta name=\"twitter:label2\" content=\"Est. reading time\" \/>\n\t<meta name=\"twitter:data2\" content=\"1 minute\" \/>\n<script type=\"application\/ld+json\" class=\"yoast-schema-graph\">{\"@context\":\"https:\/\/schema.org\",\"@graph\":[{\"@type\":\"Article\",\"@id\":\"https:\/\/isic.hu\/en\/legenda-kft\/#article\",\"isPartOf\":{\"@id\":\"https:\/\/isic.hu\/en\/legenda-kft\/\"},\"author\":{\"name\":\"Andrea S\u00e1rmezey\",\"@id\":\"https:\/\/isic.hu\/#\/schema\/person\/5537455b38a36d232dc4eae17e474994\"},\"headline\":\"Legenda Kft\",\"datePublished\":\"2013-09-05T18:46:38+00:00\",\"dateModified\":\"2016-03-16T14:43:56+00:00\",\"mainEntityOfPage\":{\"@id\":\"https:\/\/isic.hu\/en\/legenda-kft\/\"},\"wordCount\":156,\"image\":{\"@id\":\"https:\/\/isic.hu\/en\/legenda-kft\/#primaryimage\"},\"thumbnailUrl\":\"https:\/\/isic.hu\/wp-content\/uploads\/2013\/09\/images1.jpg\",\"keywords\":[\"Budapest\"],\"articleSection\":[\"Entertainment\"],\"inLanguage\":\"en-US\"},{\"@type\":\"WebPage\",\"@id\":\"https:\/\/isic.hu\/en\/legenda-kft\/\",\"url\":\"https:\/\/isic.hu\/en\/legenda-kft\/\",\"name\":\"Legenda Kft - ISIC Nemzetk\u00f6zi Di\u00e1kigazolv\u00e1ny\",\"isPartOf\":{\"@id\":\"https:\/\/isic.hu\/#website\"},\"primaryImageOfPage\":{\"@id\":\"https:\/\/isic.hu\/en\/legenda-kft\/#primaryimage\"},\"image\":{\"@id\":\"https:\/\/isic.hu\/en\/legenda-kft\/#primaryimage\"},\"thumbnailUrl\":\"https:\/\/isic.hu\/wp-content\/uploads\/2013\/09\/images1.jpg\",\"datePublished\":\"2013-09-05T18:46:38+00:00\",\"dateModified\":\"2016-03-16T14:43:56+00:00\",\"author\":{\"@id\":\"https:\/\/isic.hu\/#\/schema\/person\/5537455b38a36d232dc4eae17e474994\"},\"description\":\"Budapest legend\u00e1i \u00e9letre kelnek a nappali v\u00e1rosn\u00e9z\u0151 haj\u00f3z\u00e1s sor\u00e1n, ak\u00e1r Margitszigeti kisz\u00e1ll\u00e1ssal \u00e9s s\u00e9t\u00e1val egybek\u00f6tve. Este a f\u00e9nyek \u00e9s hangok\",\"breadcrumb\":{\"@id\":\"https:\/\/isic.hu\/en\/legenda-kft\/#breadcrumb\"},\"inLanguage\":\"en-US\",\"potentialAction\":[{\"@type\":\"ReadAction\",\"target\":[\"https:\/\/isic.hu\/en\/legenda-kft\/\"]}]},{\"@type\":\"ImageObject\",\"inLanguage\":\"en-US\",\"@id\":\"https:\/\/isic.hu\/en\/legenda-kft\/#primaryimage\",\"url\":\"https:\/\/isic.hu\/wp-content\/uploads\/2013\/09\/images1.jpg\",\"contentUrl\":\"https:\/\/isic.hu\/wp-content\/uploads\/2013\/09\/images1.jpg\",\"width\":270,\"height\":187},{\"@type\":\"BreadcrumbList\",\"@id\":\"https:\/\/isic.hu\/en\/legenda-kft\/#breadcrumb\",\"itemListElement\":[{\"@type\":\"ListItem\",\"position\":1,\"name\":\"Home\",\"item\":\"https:\/\/isic.hu\/en\/\"},{\"@type\":\"ListItem\",\"position\":2,\"name\":\"Legenda Kft\"}]},{\"@type\":\"WebSite\",\"@id\":\"https:\/\/isic.hu\/#website\",\"url\":\"https:\/\/isic.hu\/\",\"name\":\"ISIC Nemzetk\u00f6zi Di\u00e1kigazolv\u00e1ny\",\"description\":\"International Student Card\",\"potentialAction\":[{\"@type\":\"SearchAction\",\"target\":{\"@type\":\"EntryPoint\",\"urlTemplate\":\"https:\/\/isic.hu\/?s={search_term_string}\"},\"query-input\":{\"@type\":\"PropertyValueSpecification\",\"valueRequired\":true,\"valueName\":\"search_term_string\"}}],\"inLanguage\":\"en-US\"},{\"@type\":\"Person\",\"@id\":\"https:\/\/isic.hu\/#\/schema\/person\/5537455b38a36d232dc4eae17e474994\",\"name\":\"Andrea S\u00e1rmezey\"}]}<\/script>\n<!-- \/ Yoast SEO plugin. -->","yoast_head_json":{"title":"Legenda Kft - ISIC Nemzetk\u00f6zi Di\u00e1kigazolv\u00e1ny","description":"Budapest legend\u00e1i \u00e9letre kelnek a nappali v\u00e1rosn\u00e9z\u0151 haj\u00f3z\u00e1s sor\u00e1n, ak\u00e1r Margitszigeti kisz\u00e1ll\u00e1ssal \u00e9s s\u00e9t\u00e1val egybek\u00f6tve. Este a f\u00e9nyek \u00e9s hangok","robots":{"index":"index","follow":"follow","max-snippet":"max-snippet:-1","max-image-preview":"max-image-preview:large","max-video-preview":"max-video-preview:-1"},"canonical":"https:\/\/isic.hu\/en\/legenda-kft\/","og_locale":"en_US","og_type":"article","og_title":"Legenda Kft - ISIC Nemzetk\u00f6zi Di\u00e1kigazolv\u00e1ny","og_description":"Budapest legend\u00e1i \u00e9letre kelnek a nappali v\u00e1rosn\u00e9z\u0151 haj\u00f3z\u00e1s sor\u00e1n, ak\u00e1r Margitszigeti kisz\u00e1ll\u00e1ssal \u00e9s s\u00e9t\u00e1val egybek\u00f6tve. Este a f\u00e9nyek \u00e9s hangok","og_url":"https:\/\/isic.hu\/en\/legenda-kft\/","og_site_name":"ISIC Nemzetk\u00f6zi Di\u00e1kigazolv\u00e1ny","article_publisher":"https:\/\/www.facebook.com\/isic.hu\/","article_published_time":"2013-09-05T18:46:38+00:00","article_modified_time":"2016-03-16T14:43:56+00:00","og_image":[{"width":270,"height":187,"url":"https:\/\/isic.hu\/wp-content\/uploads\/2013\/09\/images1.jpg","type":"image\/jpeg"}],"author":"Andrea S\u00e1rmezey","twitter_card":"summary_large_image","twitter_misc":{"Written by":"Andrea S\u00e1rmezey","Est. reading time":"1 minute"},"schema":{"@context":"https:\/\/schema.org","@graph":[{"@type":"Article","@id":"https:\/\/isic.hu\/en\/legenda-kft\/#article","isPartOf":{"@id":"https:\/\/isic.hu\/en\/legenda-kft\/"},"author":{"name":"Andrea S\u00e1rmezey","@id":"https:\/\/isic.hu\/#\/schema\/person\/5537455b38a36d232dc4eae17e474994"},"headline":"Legenda Kft","datePublished":"2013-09-05T18:46:38+00:00","dateModified":"2016-03-16T14:43:56+00:00","mainEntityOfPage":{"@id":"https:\/\/isic.hu\/en\/legenda-kft\/"},"wordCount":156,"image":{"@id":"https:\/\/isic.hu\/en\/legenda-kft\/#primaryimage"},"thumbnailUrl":"https:\/\/isic.hu\/wp-content\/uploads\/2013\/09\/images1.jpg","keywords":["Budapest"],"articleSection":["Entertainment"],"inLanguage":"en-US"},{"@type":"WebPage","@id":"https:\/\/isic.hu\/en\/legenda-kft\/","url":"https:\/\/isic.hu\/en\/legenda-kft\/","name":"Legenda Kft - ISIC Nemzetk\u00f6zi Di\u00e1kigazolv\u00e1ny","isPartOf":{"@id":"https:\/\/isic.hu\/#website"},"primaryImageOfPage":{"@id":"https:\/\/isic.hu\/en\/legenda-kft\/#primaryimage"},"image":{"@id":"https:\/\/isic.hu\/en\/legenda-kft\/#primaryimage"},"thumbnailUrl":"https:\/\/isic.hu\/wp-content\/uploads\/2013\/09\/images1.jpg","datePublished":"2013-09-05T18:46:38+00:00","dateModified":"2016-03-16T14:43:56+00:00","author":{"@id":"https:\/\/isic.hu\/#\/schema\/person\/5537455b38a36d232dc4eae17e474994"},"description":"Budapest legend\u00e1i \u00e9letre kelnek a nappali v\u00e1rosn\u00e9z\u0151 haj\u00f3z\u00e1s sor\u00e1n, ak\u00e1r Margitszigeti kisz\u00e1ll\u00e1ssal \u00e9s s\u00e9t\u00e1val egybek\u00f6tve. Este a f\u00e9nyek \u00e9s hangok","breadcrumb":{"@id":"https:\/\/isic.hu\/en\/legenda-kft\/#breadcrumb"},"inLanguage":"en-US","potentialAction":[{"@type":"ReadAction","target":["https:\/\/isic.hu\/en\/legenda-kft\/"]}]},{"@type":"ImageObject","inLanguage":"en-US","@id":"https:\/\/isic.hu\/en\/legenda-kft\/#primaryimage","url":"https:\/\/isic.hu\/wp-content\/uploads\/2013\/09\/images1.jpg","contentUrl":"https:\/\/isic.hu\/wp-content\/uploads\/2013\/09\/images1.jpg","width":270,"height":187},{"@type":"BreadcrumbList","@id":"https:\/\/isic.hu\/en\/legenda-kft\/#breadcrumb","itemListElement":[{"@type":"ListItem","position":1,"name":"Home","item":"https:\/\/isic.hu\/en\/"},{"@type":"ListItem","position":2,"name":"Legenda Kft"}]},{"@type":"WebSite","@id":"https:\/\/isic.hu\/#website","url":"https:\/\/isic.hu\/","name":"ISIC Nemzetk\u00f6zi Di\u00e1kigazolv\u00e1ny","description":"International Student Card","potentialAction":[{"@type":"SearchAction","target":{"@type":"EntryPoint","urlTemplate":"https:\/\/isic.hu\/?s={search_term_string}"},"query-input":{"@type":"PropertyValueSpecification","valueRequired":true,"valueName":"search_term_string"}}],"inLanguage":"en-US"},{"@type":"Person","@id":"https:\/\/isic.hu\/#\/schema\/person\/5537455b38a36d232dc4eae17e474994","name":"Andrea S\u00e1rmezey"}]}},"_links":{"self":[{"href":"https:\/\/isic.hu\/en\/wp-json\/wp\/v2\/posts\/151","targetHints":{"allow":["GET"]}}],"collection":[{"href":"https:\/\/isic.hu\/en\/wp-json\/wp\/v2\/posts"}],"about":[{"href":"https:\/\/isic.hu\/en\/wp-json\/wp\/v2\/types\/post"}],"author":[{"embeddable":true,"href":"https:\/\/isic.hu\/en\/wp-json\/wp\/v2\/users\/3"}],"replies":[{"embeddable":true,"href":"https:\/\/isic.hu\/en\/wp-json\/wp\/v2\/comments?post=151"}],"version-history":[{"count":3,"href":"https:\/\/isic.hu\/en\/wp-json\/wp\/v2\/posts\/151\/revisions"}],"predecessor-version":[{"id":2738,"href":"https:\/\/isic.hu\/en\/wp-json\/wp\/v2\/posts\/151\/revisions\/2738"}],"wp:featuredmedia":[{"embeddable":true,"href":"https:\/\/isic.hu\/en\/wp-json\/wp\/v2\/media\/804"}],"wp:attachment":[{"href":"https:\/\/isic.hu\/en\/wp-json\/wp\/v2\/media?parent=151"}],"wp:term":[{"taxonomy":"category","embeddable":true,"href":"https:\/\/isic.hu\/en\/wp-json\/wp\/v2\/categories?post=151"},{"taxonomy":"post_tag","embeddable":true,"href":"https:\/\/isic.hu\/en\/wp-json\/wp\/v2\/tags?post=151"}],"curies":[{"name":"wp","href":"https:\/\/api.w.org\/{rel}","templated":true}]}}