{"id":164,"date":"2013-09-06T07:10:49","date_gmt":"2013-09-06T07:10:49","guid":{"rendered":"https:\/\/isic.hu\/test\/?p=164"},"modified":"2016-03-16T15:43:56","modified_gmt":"2016-03-16T14:43:56","slug":"szent-istvan-kiraly-muzeum","status":"publish","type":"post","link":"https:\/\/isic.hu\/en\/szent-istvan-kiraly-muzeum\/","title":{"rendered":"Szent Istv\u00e1n Kir\u00e1ly M\u00fazeum"},"content":{"rendered":"<p>Sz\u00e9\u00adkes\u00adfe\u00adh\u00e9r\u00adv\u00e1rt, a\u00a0<strong>ki\u00adegye\u00adz\u00e9s ut\u00e1n<\/strong>, a t\u00f6r\u00adt\u00e9\u00adnel\u00admi m\u00falt ir\u00e1nt fel\u00adl\u00e1n\u00adgolt ro\u00adman\u00adti\u00adkus lel\u00adke\u00adse\u00add\u00e9s id\u0151\u00adsza\u00adk\u00e1\u00adban nem volt ne\u00adh\u00e9z h\u00ed\u00adve\u00adket, t\u00e1\u00admo\u00adga\u00adt\u00f3\u00adkat ta\u00adl\u00e1l\u00adni a he\u00adlyi t\u00f6r\u00adt\u00e9\u00adne\u00adlem \u00e1po\u00adl\u00e1\u00ads\u00e1\u00adra. Nem\u00adcsak Szent Ist\u00adv\u00e1n, Nagy La\u00adjos, M\u00e1\u00adty\u00e1s ki\u00adr\u00e1ly s\u00edr\u00adjai, a v\u00e1\u00adros\u00adhoz kap\u00adcso\u00adl\u00f3\u00add\u00f3 or\u00adsz\u00e1\u00adgos ese\u00adm\u00e9\u00adnyek j\u00e1t\u00adszot\u00adtak eb\u00adben sze\u00adre\u00adpet, de Henszl\u00admann Im\u00adre \u00e1sa\u00adt\u00e1\u00adsai is, ame\u00adlyek t\u00f6r\u00adt\u00e9\u00adnel\u00adm\u00fcnk egyik leg\u00adfon\u00adto\u00adsabb em\u00adl\u00e9\u00adk\u00e9\u00adnek, a ki\u00adr\u00e1\u00adlyi ba\u00adzi\u00adli\u00adk\u00e1\u00adnak ma\u00adrad\u00adv\u00e1\u00adnya\u00adit t\u00e1r\u00adt\u00e1k fel.<\/p>\n<p>A k\u00f6z\u00adtu\u00addat\u00adban\u00a0<em>Szent Ist\u00adv\u00e1n Ki\u00adr\u00e1ly M\u00fa\u00adze\u00adum<\/em>\u00adk\u00e9nt \u00e9l\u0151 in\u00adt\u00e9z\u00adm\u00e9ny\u00a0<strong>ma<\/strong>\u00a0va\u00adl\u00f3\u00adj\u00e1\u00adban a\u00a0<em>Fej\u00ad\u00e9r Me\u00adgyei \u00d6n\u00adkor\u00adm\u00e1ny\u00adzat<\/em>\u00a0fenn\u00adtar\u00adt\u00e1\u00ads\u00e1\u00adban m\u0171\u00adk\u00f6\u00add\u0151\u00a0<em>Fej\u00ad\u00e9r Me\u00adgyei M\u00fa\u00adze\u00adu\u00admok Igaz\u00adga\u00adt\u00f3\u00ads\u00e1\u00adga<\/em>\u00a0al\u00e1 tar\u00adto\u00adz\u00f3, mint\u00adegy 19 ki\u00ad\u00e1l\u00adl\u00ed\u00adt\u00f3- \u00e9s ku\u00adta\u00adt\u00f3\u00adhely\u00adb\u0151l \u00e1l\u00adl\u00f3 in\u00adt\u00e9z\u00adm\u00e9ny\u00adrend\u00adszer. Ki\u00adlenc sz\u00e9\u00adkes\u00adfe\u00adh\u00e9r\u00adv\u00e1\u00adri, va\u00adla\u00admint t\u00edz Fej\u00ad\u00e9r me\u00adgyei ki\u00ad\u00e1l\u00adl\u00ed\u00adt\u00f3\u00adhe\u00adlyet fog\u00adlal ma\u00adg\u00e1\u00adban. A m\u00fa\u00adze\u00adum n\u00e9gy tu\u00addo\u00adm\u00e1ny\u00adte\u00adr\u00fc\u00adlet le\u00adlet\u00adanya\u00adga\u00adit gy\u0171j\u00adti, rend\u00adsze\u00adre\u00adzi, ku\u00adtat\u00adja \u00e9s mu\u00adtat\u00adja be az \u00e9r\u00addek\u00adl\u0151\u00add\u0151 l\u00e1\u00adto\u00adga\u00adt\u00f3k\u00adnak. H\u00e9t r\u00e9\u00adg\u00e9\u00adsze\u00adti jel\u00adle\u00adg\u0171 ki\u00ad\u00e1l\u00adl\u00ed\u00adt\u00e1\u00adsa m\u0171\u00adk\u00f6\u00addik Sz\u00e9\u00adkes\u00adfe\u00adh\u00e9r\u00adv\u00e1\u00adron, Du\u00adna\u00ad\u00faj\u00adv\u00e1\u00adros\u00adban \u00e9s T\u00e1c\/Gor\u00adsi\u00adum\u00adban. A n\u00e9p\u00adrajz em\u00adl\u00e9\u00adkei n\u00e9gy, a t\u00f6r\u00adt\u00e9\u00adnet\u00adtu\u00addo\u00adm\u00e1ny gy\u0171j\u00adt\u00e9\u00adsei ket\u00adt\u0151, a k\u00e9p\u00adz\u0151\u00ad \u00e9s ipar\u00adm\u0171\u00adv\u00e9\u00adszet hat ki\u00ad\u00e1l\u00adl\u00ed\u00adt\u00e1s\u00adban van je\u00adlen.<\/p>","protected":false},"excerpt":{"rendered":"<p>Sz\u00e9\u00adkes\u00adfe\u00adh\u00e9r\u00adv\u00e1rt, a\u00a0ki\u00adegye\u00adz\u00e9s ut\u00e1n, a t\u00f6r\u00adt\u00e9\u00adnel\u00admi m\u00falt ir\u00e1nt fel\u00adl\u00e1n\u00adgolt ro\u00adman\u00adti\u00adkus lel\u00adke\u00adse\u00add\u00e9s id\u0151\u00adsza\u00adk\u00e1\u00adban nem volt ne\u00adh\u00e9z h\u00ed\u00adve\u00adket, t\u00e1\u00admo\u00adga\u00adt\u00f3\u00adkat ta\u00adl\u00e1l\u00adni a he\u00adlyi t\u00f6r\u00adt\u00e9\u00adne\u00adlem&#8230;<\/p>\n","protected":false},"author":3,"featured_media":165,"comment_status":"closed","ping_status":"open","sticky":false,"template":"","format":"standard","meta":{"_acf_changed":false,"footnotes":""},"categories":[1],"tags":[],"class_list":["post-164","post","type-post","status-publish","format-standard","has-post-thumbnail","hentry","category-szorakozas"],"acf":[],"yoast_head":"<!-- This site is optimized with the Yoast SEO plugin v27.2 - https:\/\/yoast.com\/product\/yoast-seo-wordpress\/ -->\n<title>Szent Istv\u00e1n Kir\u00e1ly M\u00fazeum - ISIC Nemzetk\u00f6zi Di\u00e1kigazolv\u00e1ny<\/title>\n<meta name=\"description\" content=\"Sz\u00e9\u00adkes\u00adfe\u00adh\u00e9r\u00adv\u00e1rt, a\u00a0ki\u00adegye\u00adz\u00e9s ut\u00e1n, a t\u00f6r\u00adt\u00e9\u00adnel\u00admi m\u00falt ir\u00e1nt fel\u00adl\u00e1n\u00adgolt ro\u00adman\u00adti\u00adkus lel\u00adke\u00adse\u00add\u00e9s id\u0151\u00adsza\u00adk\u00e1\u00adban nem volt ne\u00adh\u00e9z h\u00ed\u00adve\u00adket,\" \/>\n<meta name=\"robots\" content=\"index, follow, max-snippet:-1, max-image-preview:large, max-video-preview:-1\" \/>\n<link rel=\"canonical\" href=\"https:\/\/isic.hu\/en\/szent-istvan-kiraly-muzeum\/\" \/>\n<meta property=\"og:locale\" content=\"en_US\" \/>\n<meta property=\"og:type\" content=\"article\" \/>\n<meta property=\"og:title\" content=\"Szent Istv\u00e1n Kir\u00e1ly M\u00fazeum - ISIC Nemzetk\u00f6zi Di\u00e1kigazolv\u00e1ny\" \/>\n<meta property=\"og:description\" content=\"Sz\u00e9\u00adkes\u00adfe\u00adh\u00e9r\u00adv\u00e1rt, a\u00a0ki\u00adegye\u00adz\u00e9s ut\u00e1n, a t\u00f6r\u00adt\u00e9\u00adnel\u00admi m\u00falt ir\u00e1nt fel\u00adl\u00e1n\u00adgolt ro\u00adman\u00adti\u00adkus lel\u00adke\u00adse\u00add\u00e9s id\u0151\u00adsza\u00adk\u00e1\u00adban nem volt ne\u00adh\u00e9z h\u00ed\u00adve\u00adket,\" \/>\n<meta property=\"og:url\" content=\"https:\/\/isic.hu\/en\/szent-istvan-kiraly-muzeum\/\" \/>\n<meta property=\"og:site_name\" content=\"ISIC Nemzetk\u00f6zi Di\u00e1kigazolv\u00e1ny\" \/>\n<meta property=\"article:publisher\" content=\"https:\/\/www.facebook.com\/isic.hu\/\" \/>\n<meta property=\"article:published_time\" content=\"2013-09-06T07:10:49+00:00\" \/>\n<meta property=\"article:modified_time\" content=\"2016-03-16T14:43:56+00:00\" \/>\n<meta property=\"og:image\" content=\"https:\/\/isic.hu\/wp-content\/uploads\/2013\/09\/King_St_Stephen_Museum_0-190x190.jpg\" \/>\n\t<meta property=\"og:image:width\" content=\"190\" \/>\n\t<meta property=\"og:image:height\" content=\"190\" \/>\n\t<meta property=\"og:image:type\" content=\"image\/jpeg\" \/>\n<meta name=\"author\" content=\"Andrea S\u00e1rmezey\" \/>\n<meta name=\"twitter:card\" content=\"summary_large_image\" \/>\n<meta name=\"twitter:label1\" content=\"Written by\" \/>\n\t<meta name=\"twitter:data1\" content=\"Andrea S\u00e1rmezey\" \/>\n\t<meta name=\"twitter:label2\" content=\"Est. reading time\" \/>\n\t<meta name=\"twitter:data2\" content=\"4 minutes\" \/>\n<script type=\"application\/ld+json\" class=\"yoast-schema-graph\">{\"@context\":\"https:\/\/schema.org\",\"@graph\":[{\"@type\":\"Article\",\"@id\":\"https:\/\/isic.hu\/en\/szent-istvan-kiraly-muzeum\/#article\",\"isPartOf\":{\"@id\":\"https:\/\/isic.hu\/en\/szent-istvan-kiraly-muzeum\/\"},\"author\":{\"name\":\"Andrea S\u00e1rmezey\",\"@id\":\"https:\/\/isic.hu\/#\/schema\/person\/5537455b38a36d232dc4eae17e474994\"},\"headline\":\"Szent Istv\u00e1n Kir\u00e1ly M\u00fazeum\",\"datePublished\":\"2013-09-06T07:10:49+00:00\",\"dateModified\":\"2016-03-16T14:43:56+00:00\",\"mainEntityOfPage\":{\"@id\":\"https:\/\/isic.hu\/en\/szent-istvan-kiraly-muzeum\/\"},\"wordCount\":799,\"image\":{\"@id\":\"https:\/\/isic.hu\/en\/szent-istvan-kiraly-muzeum\/#primaryimage\"},\"thumbnailUrl\":\"https:\/\/isic.hu\/wp-content\/uploads\/2013\/09\/King_St_Stephen_Museum_0-190x190.jpg\",\"articleSection\":[\"Entertainment\"],\"inLanguage\":\"en-US\"},{\"@type\":\"WebPage\",\"@id\":\"https:\/\/isic.hu\/en\/szent-istvan-kiraly-muzeum\/\",\"url\":\"https:\/\/isic.hu\/en\/szent-istvan-kiraly-muzeum\/\",\"name\":\"Szent Istv\u00e1n Kir\u00e1ly M\u00fazeum - ISIC Nemzetk\u00f6zi Di\u00e1kigazolv\u00e1ny\",\"isPartOf\":{\"@id\":\"https:\/\/isic.hu\/#website\"},\"primaryImageOfPage\":{\"@id\":\"https:\/\/isic.hu\/en\/szent-istvan-kiraly-muzeum\/#primaryimage\"},\"image\":{\"@id\":\"https:\/\/isic.hu\/en\/szent-istvan-kiraly-muzeum\/#primaryimage\"},\"thumbnailUrl\":\"https:\/\/isic.hu\/wp-content\/uploads\/2013\/09\/King_St_Stephen_Museum_0-190x190.jpg\",\"datePublished\":\"2013-09-06T07:10:49+00:00\",\"dateModified\":\"2016-03-16T14:43:56+00:00\",\"author\":{\"@id\":\"https:\/\/isic.hu\/#\/schema\/person\/5537455b38a36d232dc4eae17e474994\"},\"description\":\"Sz\u00e9\u00adkes\u00adfe\u00adh\u00e9r\u00adv\u00e1rt, a\u00a0ki\u00adegye\u00adz\u00e9s ut\u00e1n, a t\u00f6r\u00adt\u00e9\u00adnel\u00admi m\u00falt ir\u00e1nt fel\u00adl\u00e1n\u00adgolt ro\u00adman\u00adti\u00adkus lel\u00adke\u00adse\u00add\u00e9s id\u0151\u00adsza\u00adk\u00e1\u00adban nem volt ne\u00adh\u00e9z h\u00ed\u00adve\u00adket,\",\"breadcrumb\":{\"@id\":\"https:\/\/isic.hu\/en\/szent-istvan-kiraly-muzeum\/#breadcrumb\"},\"inLanguage\":\"en-US\",\"potentialAction\":[{\"@type\":\"ReadAction\",\"target\":[\"https:\/\/isic.hu\/en\/szent-istvan-kiraly-muzeum\/\"]}]},{\"@type\":\"ImageObject\",\"inLanguage\":\"en-US\",\"@id\":\"https:\/\/isic.hu\/en\/szent-istvan-kiraly-muzeum\/#primaryimage\",\"url\":\"https:\/\/isic.hu\/wp-content\/uploads\/2013\/09\/King_St_Stephen_Museum_0-190x190.jpg\",\"contentUrl\":\"https:\/\/isic.hu\/wp-content\/uploads\/2013\/09\/King_St_Stephen_Museum_0-190x190.jpg\",\"width\":190,\"height\":190},{\"@type\":\"BreadcrumbList\",\"@id\":\"https:\/\/isic.hu\/en\/szent-istvan-kiraly-muzeum\/#breadcrumb\",\"itemListElement\":[{\"@type\":\"ListItem\",\"position\":1,\"name\":\"Home\",\"item\":\"https:\/\/isic.hu\/en\/\"},{\"@type\":\"ListItem\",\"position\":2,\"name\":\"Szent Istv\u00e1n Kir\u00e1ly M\u00fazeum\"}]},{\"@type\":\"WebSite\",\"@id\":\"https:\/\/isic.hu\/#website\",\"url\":\"https:\/\/isic.hu\/\",\"name\":\"ISIC Nemzetk\u00f6zi Di\u00e1kigazolv\u00e1ny\",\"description\":\"International Student Card\",\"potentialAction\":[{\"@type\":\"SearchAction\",\"target\":{\"@type\":\"EntryPoint\",\"urlTemplate\":\"https:\/\/isic.hu\/?s={search_term_string}\"},\"query-input\":{\"@type\":\"PropertyValueSpecification\",\"valueRequired\":true,\"valueName\":\"search_term_string\"}}],\"inLanguage\":\"en-US\"},{\"@type\":\"Person\",\"@id\":\"https:\/\/isic.hu\/#\/schema\/person\/5537455b38a36d232dc4eae17e474994\",\"name\":\"Andrea S\u00e1rmezey\"}]}<\/script>\n<!-- \/ Yoast SEO plugin. -->","yoast_head_json":{"title":"Szent Istv\u00e1n Kir\u00e1ly M\u00fazeum - ISIC Nemzetk\u00f6zi Di\u00e1kigazolv\u00e1ny","description":"Sz\u00e9\u00adkes\u00adfe\u00adh\u00e9r\u00adv\u00e1rt, a\u00a0ki\u00adegye\u00adz\u00e9s ut\u00e1n, a t\u00f6r\u00adt\u00e9\u00adnel\u00admi m\u00falt ir\u00e1nt fel\u00adl\u00e1n\u00adgolt ro\u00adman\u00adti\u00adkus lel\u00adke\u00adse\u00add\u00e9s id\u0151\u00adsza\u00adk\u00e1\u00adban nem volt ne\u00adh\u00e9z h\u00ed\u00adve\u00adket,","robots":{"index":"index","follow":"follow","max-snippet":"max-snippet:-1","max-image-preview":"max-image-preview:large","max-video-preview":"max-video-preview:-1"},"canonical":"https:\/\/isic.hu\/en\/szent-istvan-kiraly-muzeum\/","og_locale":"en_US","og_type":"article","og_title":"Szent Istv\u00e1n Kir\u00e1ly M\u00fazeum - ISIC Nemzetk\u00f6zi Di\u00e1kigazolv\u00e1ny","og_description":"Sz\u00e9\u00adkes\u00adfe\u00adh\u00e9r\u00adv\u00e1rt, a\u00a0ki\u00adegye\u00adz\u00e9s ut\u00e1n, a t\u00f6r\u00adt\u00e9\u00adnel\u00admi m\u00falt ir\u00e1nt fel\u00adl\u00e1n\u00adgolt ro\u00adman\u00adti\u00adkus lel\u00adke\u00adse\u00add\u00e9s id\u0151\u00adsza\u00adk\u00e1\u00adban nem volt ne\u00adh\u00e9z h\u00ed\u00adve\u00adket,","og_url":"https:\/\/isic.hu\/en\/szent-istvan-kiraly-muzeum\/","og_site_name":"ISIC Nemzetk\u00f6zi Di\u00e1kigazolv\u00e1ny","article_publisher":"https:\/\/www.facebook.com\/isic.hu\/","article_published_time":"2013-09-06T07:10:49+00:00","article_modified_time":"2016-03-16T14:43:56+00:00","og_image":[{"width":190,"height":190,"url":"https:\/\/isic.hu\/wp-content\/uploads\/2013\/09\/King_St_Stephen_Museum_0-190x190.jpg","type":"image\/jpeg"}],"author":"Andrea S\u00e1rmezey","twitter_card":"summary_large_image","twitter_misc":{"Written by":"Andrea S\u00e1rmezey","Est. reading time":"4 minutes"},"schema":{"@context":"https:\/\/schema.org","@graph":[{"@type":"Article","@id":"https:\/\/isic.hu\/en\/szent-istvan-kiraly-muzeum\/#article","isPartOf":{"@id":"https:\/\/isic.hu\/en\/szent-istvan-kiraly-muzeum\/"},"author":{"name":"Andrea S\u00e1rmezey","@id":"https:\/\/isic.hu\/#\/schema\/person\/5537455b38a36d232dc4eae17e474994"},"headline":"Szent Istv\u00e1n Kir\u00e1ly M\u00fazeum","datePublished":"2013-09-06T07:10:49+00:00","dateModified":"2016-03-16T14:43:56+00:00","mainEntityOfPage":{"@id":"https:\/\/isic.hu\/en\/szent-istvan-kiraly-muzeum\/"},"wordCount":799,"image":{"@id":"https:\/\/isic.hu\/en\/szent-istvan-kiraly-muzeum\/#primaryimage"},"thumbnailUrl":"https:\/\/isic.hu\/wp-content\/uploads\/2013\/09\/King_St_Stephen_Museum_0-190x190.jpg","articleSection":["Entertainment"],"inLanguage":"en-US"},{"@type":"WebPage","@id":"https:\/\/isic.hu\/en\/szent-istvan-kiraly-muzeum\/","url":"https:\/\/isic.hu\/en\/szent-istvan-kiraly-muzeum\/","name":"Szent Istv\u00e1n Kir\u00e1ly M\u00fazeum - ISIC Nemzetk\u00f6zi Di\u00e1kigazolv\u00e1ny","isPartOf":{"@id":"https:\/\/isic.hu\/#website"},"primaryImageOfPage":{"@id":"https:\/\/isic.hu\/en\/szent-istvan-kiraly-muzeum\/#primaryimage"},"image":{"@id":"https:\/\/isic.hu\/en\/szent-istvan-kiraly-muzeum\/#primaryimage"},"thumbnailUrl":"https:\/\/isic.hu\/wp-content\/uploads\/2013\/09\/King_St_Stephen_Museum_0-190x190.jpg","datePublished":"2013-09-06T07:10:49+00:00","dateModified":"2016-03-16T14:43:56+00:00","author":{"@id":"https:\/\/isic.hu\/#\/schema\/person\/5537455b38a36d232dc4eae17e474994"},"description":"Sz\u00e9\u00adkes\u00adfe\u00adh\u00e9r\u00adv\u00e1rt, a\u00a0ki\u00adegye\u00adz\u00e9s ut\u00e1n, a t\u00f6r\u00adt\u00e9\u00adnel\u00admi m\u00falt ir\u00e1nt fel\u00adl\u00e1n\u00adgolt ro\u00adman\u00adti\u00adkus lel\u00adke\u00adse\u00add\u00e9s id\u0151\u00adsza\u00adk\u00e1\u00adban nem volt ne\u00adh\u00e9z h\u00ed\u00adve\u00adket,","breadcrumb":{"@id":"https:\/\/isic.hu\/en\/szent-istvan-kiraly-muzeum\/#breadcrumb"},"inLanguage":"en-US","potentialAction":[{"@type":"ReadAction","target":["https:\/\/isic.hu\/en\/szent-istvan-kiraly-muzeum\/"]}]},{"@type":"ImageObject","inLanguage":"en-US","@id":"https:\/\/isic.hu\/en\/szent-istvan-kiraly-muzeum\/#primaryimage","url":"https:\/\/isic.hu\/wp-content\/uploads\/2013\/09\/King_St_Stephen_Museum_0-190x190.jpg","contentUrl":"https:\/\/isic.hu\/wp-content\/uploads\/2013\/09\/King_St_Stephen_Museum_0-190x190.jpg","width":190,"height":190},{"@type":"BreadcrumbList","@id":"https:\/\/isic.hu\/en\/szent-istvan-kiraly-muzeum\/#breadcrumb","itemListElement":[{"@type":"ListItem","position":1,"name":"Home","item":"https:\/\/isic.hu\/en\/"},{"@type":"ListItem","position":2,"name":"Szent Istv\u00e1n Kir\u00e1ly M\u00fazeum"}]},{"@type":"WebSite","@id":"https:\/\/isic.hu\/#website","url":"https:\/\/isic.hu\/","name":"ISIC Nemzetk\u00f6zi Di\u00e1kigazolv\u00e1ny","description":"International Student Card","potentialAction":[{"@type":"SearchAction","target":{"@type":"EntryPoint","urlTemplate":"https:\/\/isic.hu\/?s={search_term_string}"},"query-input":{"@type":"PropertyValueSpecification","valueRequired":true,"valueName":"search_term_string"}}],"inLanguage":"en-US"},{"@type":"Person","@id":"https:\/\/isic.hu\/#\/schema\/person\/5537455b38a36d232dc4eae17e474994","name":"Andrea S\u00e1rmezey"}]}},"_links":{"self":[{"href":"https:\/\/isic.hu\/en\/wp-json\/wp\/v2\/posts\/164","targetHints":{"allow":["GET"]}}],"collection":[{"href":"https:\/\/isic.hu\/en\/wp-json\/wp\/v2\/posts"}],"about":[{"href":"https:\/\/isic.hu\/en\/wp-json\/wp\/v2\/types\/post"}],"author":[{"embeddable":true,"href":"https:\/\/isic.hu\/en\/wp-json\/wp\/v2\/users\/3"}],"replies":[{"embeddable":true,"href":"https:\/\/isic.hu\/en\/wp-json\/wp\/v2\/comments?post=164"}],"version-history":[{"count":2,"href":"https:\/\/isic.hu\/en\/wp-json\/wp\/v2\/posts\/164\/revisions"}],"predecessor-version":[{"id":751,"href":"https:\/\/isic.hu\/en\/wp-json\/wp\/v2\/posts\/164\/revisions\/751"}],"wp:featuredmedia":[{"embeddable":true,"href":"https:\/\/isic.hu\/en\/wp-json\/wp\/v2\/media\/165"}],"wp:attachment":[{"href":"https:\/\/isic.hu\/en\/wp-json\/wp\/v2\/media?parent=164"}],"wp:term":[{"taxonomy":"category","embeddable":true,"href":"https:\/\/isic.hu\/en\/wp-json\/wp\/v2\/categories?post=164"},{"taxonomy":"post_tag","embeddable":true,"href":"https:\/\/isic.hu\/en\/wp-json\/wp\/v2\/tags?post=164"}],"curies":[{"name":"wp","href":"https:\/\/api.w.org\/{rel}","templated":true}]}}