{"id":170,"date":"2013-09-06T07:41:33","date_gmt":"2013-09-06T07:41:33","guid":{"rendered":"https:\/\/isic.hu\/test\/?p=170"},"modified":"2016-03-16T15:43:56","modified_gmt":"2016-03-16T14:43:56","slug":"pecsi-allatkert","status":"publish","type":"post","link":"https:\/\/isic.hu\/en\/pecsi-allatkert\/","title":{"rendered":"P\u00e9csi \u00c1llatkert"},"content":{"rendered":"<p>A P\u00e9csi \u00c1llatkert 1960-ban \u00e9p\u00fclt a gy\u00e1rak, \u00fczemek, b\u00e1ny\u00e1k dolgoz\u00f3i \u00e9s a f\u0151iskola hallgat\u00f3i \u00e9p\u00edtett\u00e9k t\u00f6bb ezer \u00f3ra t\u00e1rsadalmi munk\u00e1ban. C\u00e9lja a term\u00e9szettudom\u00e1nyos nevel\u00e9s, pihen\u00e9s kikapcsol\u00f3d\u00e1s lehet\u0151s\u00e9g\u00e9nek a megteremt\u00e9se \u00e9s nem utols\u00f3 sorban a v\u00e1ros idegenforgalm\u00e1nak a n\u00f6vel\u00e9se volt. Az \u00e1llatkert jelenleg 3.5 hekt\u00e1ron \u00fczemel a v\u00e1ros \u00e9szaki r\u00e9sz\u00e9n a Mecsek oldalban. A kis ter\u00fclet\u00fcnk\u00f6n a nagy test\u0171 \u00e1llatfajok bemutat\u00e1s\u00e1ra csak korl\u00e1tozottan van lehet\u0151s\u00e9g. Az \u00e1llatkert a Tettye-forr\u00e1s v\u00edzgy\u0171jt\u0151 ter\u00fclet\u00e9re \u00e9p\u00fclt, ami megnehez\u00edti a m\u0171k\u00f6d\u00e9st. Az \u00e1llatkertben 57 faj 250 egyede l\u00e1that\u00f3.<\/p>","protected":false},"excerpt":{"rendered":"<p>A P\u00e9csi \u00c1llatkert 1960-ban \u00e9p\u00fclt a gy\u00e1rak, \u00fczemek, b\u00e1ny\u00e1k dolgoz\u00f3i \u00e9s a f\u0151iskola hallgat\u00f3i \u00e9p\u00edtett\u00e9k t\u00f6bb ezer \u00f3ra t\u00e1rsadalmi munk\u00e1ban&#8230;.<\/p>\n","protected":false},"author":3,"featured_media":1381,"comment_status":"closed","ping_status":"open","sticky":false,"template":"","format":"standard","meta":{"_acf_changed":false,"footnotes":""},"categories":[1],"tags":[3],"class_list":["post-170","post","type-post","status-publish","format-standard","has-post-thumbnail","hentry","category-szorakozas","tag-pecs"],"acf":[],"yoast_head":"<!-- This site is optimized with the Yoast SEO plugin v27.2 - https:\/\/yoast.com\/product\/yoast-seo-wordpress\/ -->\n<title>P\u00e9csi \u00c1llatkert - ISIC Nemzetk\u00f6zi Di\u00e1kigazolv\u00e1ny<\/title>\n<meta name=\"description\" content=\"A P\u00e9csi \u00c1llatkert 1960-ban \u00e9p\u00fclt a gy\u00e1rak, \u00fczemek, b\u00e1ny\u00e1k dolgoz\u00f3i \u00e9s a f\u0151iskola hallgat\u00f3i \u00e9p\u00edtett\u00e9k t\u00f6bb ezer \u00f3ra t\u00e1rsadalmi munk\u00e1ban. C\u00e9lja a\" \/>\n<meta name=\"robots\" content=\"index, follow, max-snippet:-1, max-image-preview:large, max-video-preview:-1\" \/>\n<link rel=\"canonical\" href=\"https:\/\/isic.hu\/en\/pecsi-allatkert\/\" \/>\n<meta property=\"og:locale\" content=\"en_US\" \/>\n<meta property=\"og:type\" content=\"article\" \/>\n<meta property=\"og:title\" content=\"P\u00e9csi \u00c1llatkert - ISIC Nemzetk\u00f6zi Di\u00e1kigazolv\u00e1ny\" \/>\n<meta property=\"og:description\" content=\"A P\u00e9csi \u00c1llatkert 1960-ban \u00e9p\u00fclt a gy\u00e1rak, \u00fczemek, b\u00e1ny\u00e1k dolgoz\u00f3i \u00e9s a f\u0151iskola hallgat\u00f3i \u00e9p\u00edtett\u00e9k t\u00f6bb ezer \u00f3ra t\u00e1rsadalmi munk\u00e1ban. C\u00e9lja a\" \/>\n<meta property=\"og:url\" content=\"https:\/\/isic.hu\/en\/pecsi-allatkert\/\" \/>\n<meta property=\"og:site_name\" content=\"ISIC Nemzetk\u00f6zi Di\u00e1kigazolv\u00e1ny\" \/>\n<meta property=\"article:publisher\" content=\"https:\/\/www.facebook.com\/isic.hu\/\" \/>\n<meta property=\"article:published_time\" content=\"2013-09-06T07:41:33+00:00\" \/>\n<meta property=\"article:modified_time\" content=\"2016-03-16T14:43:56+00:00\" \/>\n<meta property=\"og:image\" content=\"https:\/\/isic.hu\/wp-content\/uploads\/2013\/09\/2014-06-02-175150_129_zoo_pacs.jpg\" \/>\n\t<meta property=\"og:image:width\" content=\"400\" \/>\n\t<meta property=\"og:image:height\" content=\"400\" \/>\n\t<meta property=\"og:image:type\" content=\"image\/jpeg\" \/>\n<meta name=\"author\" content=\"Andrea S\u00e1rmezey\" \/>\n<meta name=\"twitter:card\" content=\"summary_large_image\" \/>\n<meta name=\"twitter:label1\" content=\"Written by\" \/>\n\t<meta name=\"twitter:data1\" content=\"Andrea S\u00e1rmezey\" \/>\n\t<meta name=\"twitter:label2\" content=\"Est. reading time\" \/>\n\t<meta name=\"twitter:data2\" content=\"1 minute\" \/>\n<script type=\"application\/ld+json\" class=\"yoast-schema-graph\">{\"@context\":\"https:\/\/schema.org\",\"@graph\":[{\"@type\":\"Article\",\"@id\":\"https:\/\/isic.hu\/en\/pecsi-allatkert\/#article\",\"isPartOf\":{\"@id\":\"https:\/\/isic.hu\/en\/pecsi-allatkert\/\"},\"author\":{\"name\":\"Andrea S\u00e1rmezey\",\"@id\":\"https:\/\/isic.hu\/#\/schema\/person\/5537455b38a36d232dc4eae17e474994\"},\"headline\":\"P\u00e9csi \u00c1llatkert\",\"datePublished\":\"2013-09-06T07:41:33+00:00\",\"dateModified\":\"2016-03-16T14:43:56+00:00\",\"mainEntityOfPage\":{\"@id\":\"https:\/\/isic.hu\/en\/pecsi-allatkert\/\"},\"wordCount\":263,\"image\":{\"@id\":\"https:\/\/isic.hu\/en\/pecsi-allatkert\/#primaryimage\"},\"thumbnailUrl\":\"https:\/\/isic.hu\/wp-content\/uploads\/2013\/09\/2014-06-02-175150_129_zoo_pacs.jpg\",\"keywords\":[\"P\u00e9cs\"],\"articleSection\":[\"Entertainment\"],\"inLanguage\":\"en-US\"},{\"@type\":\"WebPage\",\"@id\":\"https:\/\/isic.hu\/en\/pecsi-allatkert\/\",\"url\":\"https:\/\/isic.hu\/en\/pecsi-allatkert\/\",\"name\":\"P\u00e9csi \u00c1llatkert - ISIC Nemzetk\u00f6zi Di\u00e1kigazolv\u00e1ny\",\"isPartOf\":{\"@id\":\"https:\/\/isic.hu\/#website\"},\"primaryImageOfPage\":{\"@id\":\"https:\/\/isic.hu\/en\/pecsi-allatkert\/#primaryimage\"},\"image\":{\"@id\":\"https:\/\/isic.hu\/en\/pecsi-allatkert\/#primaryimage\"},\"thumbnailUrl\":\"https:\/\/isic.hu\/wp-content\/uploads\/2013\/09\/2014-06-02-175150_129_zoo_pacs.jpg\",\"datePublished\":\"2013-09-06T07:41:33+00:00\",\"dateModified\":\"2016-03-16T14:43:56+00:00\",\"author\":{\"@id\":\"https:\/\/isic.hu\/#\/schema\/person\/5537455b38a36d232dc4eae17e474994\"},\"description\":\"A P\u00e9csi \u00c1llatkert 1960-ban \u00e9p\u00fclt a gy\u00e1rak, \u00fczemek, b\u00e1ny\u00e1k dolgoz\u00f3i \u00e9s a f\u0151iskola hallgat\u00f3i \u00e9p\u00edtett\u00e9k t\u00f6bb ezer \u00f3ra t\u00e1rsadalmi munk\u00e1ban. C\u00e9lja a\",\"breadcrumb\":{\"@id\":\"https:\/\/isic.hu\/en\/pecsi-allatkert\/#breadcrumb\"},\"inLanguage\":\"en-US\",\"potentialAction\":[{\"@type\":\"ReadAction\",\"target\":[\"https:\/\/isic.hu\/en\/pecsi-allatkert\/\"]}]},{\"@type\":\"ImageObject\",\"inLanguage\":\"en-US\",\"@id\":\"https:\/\/isic.hu\/en\/pecsi-allatkert\/#primaryimage\",\"url\":\"https:\/\/isic.hu\/wp-content\/uploads\/2013\/09\/2014-06-02-175150_129_zoo_pacs.jpg\",\"contentUrl\":\"https:\/\/isic.hu\/wp-content\/uploads\/2013\/09\/2014-06-02-175150_129_zoo_pacs.jpg\",\"width\":400,\"height\":400},{\"@type\":\"BreadcrumbList\",\"@id\":\"https:\/\/isic.hu\/en\/pecsi-allatkert\/#breadcrumb\",\"itemListElement\":[{\"@type\":\"ListItem\",\"position\":1,\"name\":\"Home\",\"item\":\"https:\/\/isic.hu\/en\/\"},{\"@type\":\"ListItem\",\"position\":2,\"name\":\"P\u00e9csi \u00c1llatkert\"}]},{\"@type\":\"WebSite\",\"@id\":\"https:\/\/isic.hu\/#website\",\"url\":\"https:\/\/isic.hu\/\",\"name\":\"ISIC Nemzetk\u00f6zi Di\u00e1kigazolv\u00e1ny\",\"description\":\"International Student Card\",\"potentialAction\":[{\"@type\":\"SearchAction\",\"target\":{\"@type\":\"EntryPoint\",\"urlTemplate\":\"https:\/\/isic.hu\/?s={search_term_string}\"},\"query-input\":{\"@type\":\"PropertyValueSpecification\",\"valueRequired\":true,\"valueName\":\"search_term_string\"}}],\"inLanguage\":\"en-US\"},{\"@type\":\"Person\",\"@id\":\"https:\/\/isic.hu\/#\/schema\/person\/5537455b38a36d232dc4eae17e474994\",\"name\":\"Andrea S\u00e1rmezey\"}]}<\/script>\n<!-- \/ Yoast SEO plugin. -->","yoast_head_json":{"title":"P\u00e9csi \u00c1llatkert - ISIC Nemzetk\u00f6zi Di\u00e1kigazolv\u00e1ny","description":"A P\u00e9csi \u00c1llatkert 1960-ban \u00e9p\u00fclt a gy\u00e1rak, \u00fczemek, b\u00e1ny\u00e1k dolgoz\u00f3i \u00e9s a f\u0151iskola hallgat\u00f3i \u00e9p\u00edtett\u00e9k t\u00f6bb ezer \u00f3ra t\u00e1rsadalmi munk\u00e1ban. C\u00e9lja a","robots":{"index":"index","follow":"follow","max-snippet":"max-snippet:-1","max-image-preview":"max-image-preview:large","max-video-preview":"max-video-preview:-1"},"canonical":"https:\/\/isic.hu\/en\/pecsi-allatkert\/","og_locale":"en_US","og_type":"article","og_title":"P\u00e9csi \u00c1llatkert - ISIC Nemzetk\u00f6zi Di\u00e1kigazolv\u00e1ny","og_description":"A P\u00e9csi \u00c1llatkert 1960-ban \u00e9p\u00fclt a gy\u00e1rak, \u00fczemek, b\u00e1ny\u00e1k dolgoz\u00f3i \u00e9s a f\u0151iskola hallgat\u00f3i \u00e9p\u00edtett\u00e9k t\u00f6bb ezer \u00f3ra t\u00e1rsadalmi munk\u00e1ban. C\u00e9lja a","og_url":"https:\/\/isic.hu\/en\/pecsi-allatkert\/","og_site_name":"ISIC Nemzetk\u00f6zi Di\u00e1kigazolv\u00e1ny","article_publisher":"https:\/\/www.facebook.com\/isic.hu\/","article_published_time":"2013-09-06T07:41:33+00:00","article_modified_time":"2016-03-16T14:43:56+00:00","og_image":[{"width":400,"height":400,"url":"https:\/\/isic.hu\/wp-content\/uploads\/2013\/09\/2014-06-02-175150_129_zoo_pacs.jpg","type":"image\/jpeg"}],"author":"Andrea S\u00e1rmezey","twitter_card":"summary_large_image","twitter_misc":{"Written by":"Andrea S\u00e1rmezey","Est. reading time":"1 minute"},"schema":{"@context":"https:\/\/schema.org","@graph":[{"@type":"Article","@id":"https:\/\/isic.hu\/en\/pecsi-allatkert\/#article","isPartOf":{"@id":"https:\/\/isic.hu\/en\/pecsi-allatkert\/"},"author":{"name":"Andrea S\u00e1rmezey","@id":"https:\/\/isic.hu\/#\/schema\/person\/5537455b38a36d232dc4eae17e474994"},"headline":"P\u00e9csi \u00c1llatkert","datePublished":"2013-09-06T07:41:33+00:00","dateModified":"2016-03-16T14:43:56+00:00","mainEntityOfPage":{"@id":"https:\/\/isic.hu\/en\/pecsi-allatkert\/"},"wordCount":263,"image":{"@id":"https:\/\/isic.hu\/en\/pecsi-allatkert\/#primaryimage"},"thumbnailUrl":"https:\/\/isic.hu\/wp-content\/uploads\/2013\/09\/2014-06-02-175150_129_zoo_pacs.jpg","keywords":["P\u00e9cs"],"articleSection":["Entertainment"],"inLanguage":"en-US"},{"@type":"WebPage","@id":"https:\/\/isic.hu\/en\/pecsi-allatkert\/","url":"https:\/\/isic.hu\/en\/pecsi-allatkert\/","name":"P\u00e9csi \u00c1llatkert - ISIC Nemzetk\u00f6zi Di\u00e1kigazolv\u00e1ny","isPartOf":{"@id":"https:\/\/isic.hu\/#website"},"primaryImageOfPage":{"@id":"https:\/\/isic.hu\/en\/pecsi-allatkert\/#primaryimage"},"image":{"@id":"https:\/\/isic.hu\/en\/pecsi-allatkert\/#primaryimage"},"thumbnailUrl":"https:\/\/isic.hu\/wp-content\/uploads\/2013\/09\/2014-06-02-175150_129_zoo_pacs.jpg","datePublished":"2013-09-06T07:41:33+00:00","dateModified":"2016-03-16T14:43:56+00:00","author":{"@id":"https:\/\/isic.hu\/#\/schema\/person\/5537455b38a36d232dc4eae17e474994"},"description":"A P\u00e9csi \u00c1llatkert 1960-ban \u00e9p\u00fclt a gy\u00e1rak, \u00fczemek, b\u00e1ny\u00e1k dolgoz\u00f3i \u00e9s a f\u0151iskola hallgat\u00f3i \u00e9p\u00edtett\u00e9k t\u00f6bb ezer \u00f3ra t\u00e1rsadalmi munk\u00e1ban. C\u00e9lja a","breadcrumb":{"@id":"https:\/\/isic.hu\/en\/pecsi-allatkert\/#breadcrumb"},"inLanguage":"en-US","potentialAction":[{"@type":"ReadAction","target":["https:\/\/isic.hu\/en\/pecsi-allatkert\/"]}]},{"@type":"ImageObject","inLanguage":"en-US","@id":"https:\/\/isic.hu\/en\/pecsi-allatkert\/#primaryimage","url":"https:\/\/isic.hu\/wp-content\/uploads\/2013\/09\/2014-06-02-175150_129_zoo_pacs.jpg","contentUrl":"https:\/\/isic.hu\/wp-content\/uploads\/2013\/09\/2014-06-02-175150_129_zoo_pacs.jpg","width":400,"height":400},{"@type":"BreadcrumbList","@id":"https:\/\/isic.hu\/en\/pecsi-allatkert\/#breadcrumb","itemListElement":[{"@type":"ListItem","position":1,"name":"Home","item":"https:\/\/isic.hu\/en\/"},{"@type":"ListItem","position":2,"name":"P\u00e9csi \u00c1llatkert"}]},{"@type":"WebSite","@id":"https:\/\/isic.hu\/#website","url":"https:\/\/isic.hu\/","name":"ISIC Nemzetk\u00f6zi Di\u00e1kigazolv\u00e1ny","description":"International Student Card","potentialAction":[{"@type":"SearchAction","target":{"@type":"EntryPoint","urlTemplate":"https:\/\/isic.hu\/?s={search_term_string}"},"query-input":{"@type":"PropertyValueSpecification","valueRequired":true,"valueName":"search_term_string"}}],"inLanguage":"en-US"},{"@type":"Person","@id":"https:\/\/isic.hu\/#\/schema\/person\/5537455b38a36d232dc4eae17e474994","name":"Andrea S\u00e1rmezey"}]}},"_links":{"self":[{"href":"https:\/\/isic.hu\/en\/wp-json\/wp\/v2\/posts\/170","targetHints":{"allow":["GET"]}}],"collection":[{"href":"https:\/\/isic.hu\/en\/wp-json\/wp\/v2\/posts"}],"about":[{"href":"https:\/\/isic.hu\/en\/wp-json\/wp\/v2\/types\/post"}],"author":[{"embeddable":true,"href":"https:\/\/isic.hu\/en\/wp-json\/wp\/v2\/users\/3"}],"replies":[{"embeddable":true,"href":"https:\/\/isic.hu\/en\/wp-json\/wp\/v2\/comments?post=170"}],"version-history":[{"count":3,"href":"https:\/\/isic.hu\/en\/wp-json\/wp\/v2\/posts\/170\/revisions"}],"predecessor-version":[{"id":2448,"href":"https:\/\/isic.hu\/en\/wp-json\/wp\/v2\/posts\/170\/revisions\/2448"}],"wp:featuredmedia":[{"embeddable":true,"href":"https:\/\/isic.hu\/en\/wp-json\/wp\/v2\/media\/1381"}],"wp:attachment":[{"href":"https:\/\/isic.hu\/en\/wp-json\/wp\/v2\/media?parent=170"}],"wp:term":[{"taxonomy":"category","embeddable":true,"href":"https:\/\/isic.hu\/en\/wp-json\/wp\/v2\/categories?post=170"},{"taxonomy":"post_tag","embeddable":true,"href":"https:\/\/isic.hu\/en\/wp-json\/wp\/v2\/tags?post=170"}],"curies":[{"name":"wp","href":"https:\/\/api.w.org\/{rel}","templated":true}]}}