{"id":219,"date":"2013-09-06T10:51:00","date_gmt":"2013-09-06T10:51:00","guid":{"rendered":"https:\/\/isic.hu\/test\/?p=219"},"modified":"2016-03-16T15:43:55","modified_gmt":"2016-03-16T14:43:55","slug":"pick-szalami-es-szegedi-paprika-muzeum","status":"publish","type":"post","link":"https:\/\/isic.hu\/en\/pick-szalami-es-szegedi-paprika-muzeum\/","title":{"rendered":"Pick Szal\u00e1mi \u00e9s Szegedi Paprika M\u00fazeum"},"content":{"rendered":"<p>Pick szal\u00e1mi (szegedi t\u00e9liszal\u00e1mi): \u00e9vsz\u00e1zados hagyom\u00e1nyon alapul\u00f3, sert\u00e9sh\u00fas \u00e9s sert\u00e9sszalonna felhaszn\u00e1l\u00e1s\u00e1val, titkos f\u0171szerez\u00e9ssel, b\u00e9lbe t\u00f6ltve, hideg f\u00fcst\u00f6l\u00e9ssel, sz\u00e1r\u00edt\u00e1sos \u00e9rlel\u00e9ssel k\u00e9sz\u00fclt, nemespen\u00e9sz-bevonat\u00fa term\u00e9k.<\/p>\n<p>Szegedi paprika (szegedi f\u0171szerpaprika-\u0151rlem\u00e9ny): a kedvez\u0151 adotts\u00e1gokkal rendelkez\u0151 szegedi t\u00e1jk\u00f6rzetben hagyom\u00e1nyos m\u00f3don megtermelt f\u0171szerpaprika-n\u00f6v\u00e9ny t\u00f6v\u00f6n be\u00e9rett, ut\u00f3\u00e9rlelt, majd megsz\u00e1r\u00edtott term\u00e9s\u00e9nek meg\u0151rl\u00e9s\u00e9vel k\u00e9sz\u00fcl.<\/p>","protected":false},"excerpt":{"rendered":"<p>Pick szal\u00e1mi (szegedi t\u00e9liszal\u00e1mi): \u00e9vsz\u00e1zados hagyom\u00e1nyon alapul\u00f3, sert\u00e9sh\u00fas \u00e9s sert\u00e9sszalonna felhaszn\u00e1l\u00e1s\u00e1val, titkos f\u0171szerez\u00e9ssel, b\u00e9lbe t\u00f6ltve, hideg f\u00fcst\u00f6l\u00e9ssel, sz\u00e1r\u00edt\u00e1sos \u00e9rlel\u00e9ssel k\u00e9sz\u00fclt,&#8230;<\/p>\n","protected":false},"author":3,"featured_media":220,"comment_status":"closed","ping_status":"open","sticky":false,"template":"","format":"standard","meta":{"_acf_changed":false,"footnotes":""},"categories":[1],"tags":[10],"class_list":["post-219","post","type-post","status-publish","format-standard","has-post-thumbnail","hentry","category-szorakozas","tag-szeged"],"acf":[],"yoast_head":"<!-- This site is optimized with the Yoast SEO plugin v27.2 - https:\/\/yoast.com\/product\/yoast-seo-wordpress\/ -->\n<title>Pick Szal\u00e1mi \u00e9s Szegedi Paprika M\u00fazeum - ISIC Nemzetk\u00f6zi Di\u00e1kigazolv\u00e1ny<\/title>\n<meta name=\"description\" content=\"Pick szal\u00e1mi (szegedi t\u00e9liszal\u00e1mi): \u00e9vsz\u00e1zados hagyom\u00e1nyon alapul\u00f3, sert\u00e9sh\u00fas \u00e9s sert\u00e9sszalonna felhaszn\u00e1l\u00e1s\u00e1val, titkos f\u0171szerez\u00e9ssel, b\u00e9lbe t\u00f6ltve,\" \/>\n<meta name=\"robots\" content=\"index, follow, max-snippet:-1, max-image-preview:large, max-video-preview:-1\" \/>\n<link rel=\"canonical\" href=\"https:\/\/isic.hu\/en\/pick-szalami-es-szegedi-paprika-muzeum\/\" \/>\n<meta property=\"og:locale\" content=\"en_US\" \/>\n<meta property=\"og:type\" content=\"article\" \/>\n<meta property=\"og:title\" content=\"Pick Szal\u00e1mi \u00e9s Szegedi Paprika M\u00fazeum - ISIC Nemzetk\u00f6zi Di\u00e1kigazolv\u00e1ny\" \/>\n<meta property=\"og:description\" content=\"Pick szal\u00e1mi (szegedi t\u00e9liszal\u00e1mi): \u00e9vsz\u00e1zados hagyom\u00e1nyon alapul\u00f3, sert\u00e9sh\u00fas \u00e9s sert\u00e9sszalonna felhaszn\u00e1l\u00e1s\u00e1val, titkos f\u0171szerez\u00e9ssel, b\u00e9lbe t\u00f6ltve,\" \/>\n<meta property=\"og:url\" content=\"https:\/\/isic.hu\/en\/pick-szalami-es-szegedi-paprika-muzeum\/\" \/>\n<meta property=\"og:site_name\" content=\"ISIC Nemzetk\u00f6zi Di\u00e1kigazolv\u00e1ny\" \/>\n<meta property=\"article:publisher\" content=\"https:\/\/www.facebook.com\/isic.hu\/\" \/>\n<meta property=\"article:published_time\" content=\"2013-09-06T10:51:00+00:00\" \/>\n<meta property=\"article:modified_time\" content=\"2016-03-16T14:43:55+00:00\" \/>\n<meta property=\"og:image\" content=\"https:\/\/isic.hu\/wp-content\/uploads\/2013\/09\/pick.jpg\" \/>\n\t<meta property=\"og:image:width\" content=\"266\" \/>\n\t<meta property=\"og:image:height\" content=\"200\" \/>\n\t<meta property=\"og:image:type\" content=\"image\/jpeg\" \/>\n<meta name=\"author\" content=\"Andrea S\u00e1rmezey\" \/>\n<meta name=\"twitter:card\" content=\"summary_large_image\" \/>\n<meta name=\"twitter:label1\" content=\"Written by\" \/>\n\t<meta name=\"twitter:data1\" content=\"Andrea S\u00e1rmezey\" \/>\n\t<meta name=\"twitter:label2\" content=\"Est. reading time\" \/>\n\t<meta name=\"twitter:data2\" content=\"1 minute\" \/>\n<script type=\"application\/ld+json\" class=\"yoast-schema-graph\">{\"@context\":\"https:\/\/schema.org\",\"@graph\":[{\"@type\":\"Article\",\"@id\":\"https:\/\/isic.hu\/en\/pick-szalami-es-szegedi-paprika-muzeum\/#article\",\"isPartOf\":{\"@id\":\"https:\/\/isic.hu\/en\/pick-szalami-es-szegedi-paprika-muzeum\/\"},\"author\":{\"name\":\"Andrea S\u00e1rmezey\",\"@id\":\"https:\/\/isic.hu\/#\/schema\/person\/5537455b38a36d232dc4eae17e474994\"},\"headline\":\"Pick Szal\u00e1mi \u00e9s Szegedi Paprika M\u00fazeum\",\"datePublished\":\"2013-09-06T10:51:00+00:00\",\"dateModified\":\"2016-03-16T14:43:55+00:00\",\"mainEntityOfPage\":{\"@id\":\"https:\/\/isic.hu\/en\/pick-szalami-es-szegedi-paprika-muzeum\/\"},\"wordCount\":196,\"image\":{\"@id\":\"https:\/\/isic.hu\/en\/pick-szalami-es-szegedi-paprika-muzeum\/#primaryimage\"},\"thumbnailUrl\":\"https:\/\/isic.hu\/wp-content\/uploads\/2013\/09\/pick.jpg\",\"keywords\":[\"Szeged\"],\"articleSection\":[\"Entertainment\"],\"inLanguage\":\"en-US\"},{\"@type\":\"WebPage\",\"@id\":\"https:\/\/isic.hu\/en\/pick-szalami-es-szegedi-paprika-muzeum\/\",\"url\":\"https:\/\/isic.hu\/en\/pick-szalami-es-szegedi-paprika-muzeum\/\",\"name\":\"Pick Szal\u00e1mi \u00e9s Szegedi Paprika M\u00fazeum - ISIC Nemzetk\u00f6zi Di\u00e1kigazolv\u00e1ny\",\"isPartOf\":{\"@id\":\"https:\/\/isic.hu\/#website\"},\"primaryImageOfPage\":{\"@id\":\"https:\/\/isic.hu\/en\/pick-szalami-es-szegedi-paprika-muzeum\/#primaryimage\"},\"image\":{\"@id\":\"https:\/\/isic.hu\/en\/pick-szalami-es-szegedi-paprika-muzeum\/#primaryimage\"},\"thumbnailUrl\":\"https:\/\/isic.hu\/wp-content\/uploads\/2013\/09\/pick.jpg\",\"datePublished\":\"2013-09-06T10:51:00+00:00\",\"dateModified\":\"2016-03-16T14:43:55+00:00\",\"author\":{\"@id\":\"https:\/\/isic.hu\/#\/schema\/person\/5537455b38a36d232dc4eae17e474994\"},\"description\":\"Pick szal\u00e1mi (szegedi t\u00e9liszal\u00e1mi): \u00e9vsz\u00e1zados hagyom\u00e1nyon alapul\u00f3, sert\u00e9sh\u00fas \u00e9s sert\u00e9sszalonna felhaszn\u00e1l\u00e1s\u00e1val, titkos f\u0171szerez\u00e9ssel, b\u00e9lbe t\u00f6ltve,\",\"breadcrumb\":{\"@id\":\"https:\/\/isic.hu\/en\/pick-szalami-es-szegedi-paprika-muzeum\/#breadcrumb\"},\"inLanguage\":\"en-US\",\"potentialAction\":[{\"@type\":\"ReadAction\",\"target\":[\"https:\/\/isic.hu\/en\/pick-szalami-es-szegedi-paprika-muzeum\/\"]}]},{\"@type\":\"ImageObject\",\"inLanguage\":\"en-US\",\"@id\":\"https:\/\/isic.hu\/en\/pick-szalami-es-szegedi-paprika-muzeum\/#primaryimage\",\"url\":\"https:\/\/isic.hu\/wp-content\/uploads\/2013\/09\/pick.jpg\",\"contentUrl\":\"https:\/\/isic.hu\/wp-content\/uploads\/2013\/09\/pick.jpg\",\"width\":266,\"height\":200},{\"@type\":\"BreadcrumbList\",\"@id\":\"https:\/\/isic.hu\/en\/pick-szalami-es-szegedi-paprika-muzeum\/#breadcrumb\",\"itemListElement\":[{\"@type\":\"ListItem\",\"position\":1,\"name\":\"Home\",\"item\":\"https:\/\/isic.hu\/en\/\"},{\"@type\":\"ListItem\",\"position\":2,\"name\":\"Pick Szal\u00e1mi \u00e9s Szegedi Paprika M\u00fazeum\"}]},{\"@type\":\"WebSite\",\"@id\":\"https:\/\/isic.hu\/#website\",\"url\":\"https:\/\/isic.hu\/\",\"name\":\"ISIC Nemzetk\u00f6zi Di\u00e1kigazolv\u00e1ny\",\"description\":\"International Student Card\",\"potentialAction\":[{\"@type\":\"SearchAction\",\"target\":{\"@type\":\"EntryPoint\",\"urlTemplate\":\"https:\/\/isic.hu\/?s={search_term_string}\"},\"query-input\":{\"@type\":\"PropertyValueSpecification\",\"valueRequired\":true,\"valueName\":\"search_term_string\"}}],\"inLanguage\":\"en-US\"},{\"@type\":\"Person\",\"@id\":\"https:\/\/isic.hu\/#\/schema\/person\/5537455b38a36d232dc4eae17e474994\",\"name\":\"Andrea S\u00e1rmezey\"}]}<\/script>\n<!-- \/ Yoast SEO plugin. -->","yoast_head_json":{"title":"Pick Szal\u00e1mi \u00e9s Szegedi Paprika M\u00fazeum - ISIC Nemzetk\u00f6zi Di\u00e1kigazolv\u00e1ny","description":"Pick szal\u00e1mi (szegedi t\u00e9liszal\u00e1mi): \u00e9vsz\u00e1zados hagyom\u00e1nyon alapul\u00f3, sert\u00e9sh\u00fas \u00e9s sert\u00e9sszalonna felhaszn\u00e1l\u00e1s\u00e1val, titkos f\u0171szerez\u00e9ssel, b\u00e9lbe t\u00f6ltve,","robots":{"index":"index","follow":"follow","max-snippet":"max-snippet:-1","max-image-preview":"max-image-preview:large","max-video-preview":"max-video-preview:-1"},"canonical":"https:\/\/isic.hu\/en\/pick-szalami-es-szegedi-paprika-muzeum\/","og_locale":"en_US","og_type":"article","og_title":"Pick Szal\u00e1mi \u00e9s Szegedi Paprika M\u00fazeum - ISIC Nemzetk\u00f6zi Di\u00e1kigazolv\u00e1ny","og_description":"Pick szal\u00e1mi (szegedi t\u00e9liszal\u00e1mi): \u00e9vsz\u00e1zados hagyom\u00e1nyon alapul\u00f3, sert\u00e9sh\u00fas \u00e9s sert\u00e9sszalonna felhaszn\u00e1l\u00e1s\u00e1val, titkos f\u0171szerez\u00e9ssel, b\u00e9lbe t\u00f6ltve,","og_url":"https:\/\/isic.hu\/en\/pick-szalami-es-szegedi-paprika-muzeum\/","og_site_name":"ISIC Nemzetk\u00f6zi Di\u00e1kigazolv\u00e1ny","article_publisher":"https:\/\/www.facebook.com\/isic.hu\/","article_published_time":"2013-09-06T10:51:00+00:00","article_modified_time":"2016-03-16T14:43:55+00:00","og_image":[{"width":266,"height":200,"url":"https:\/\/isic.hu\/wp-content\/uploads\/2013\/09\/pick.jpg","type":"image\/jpeg"}],"author":"Andrea S\u00e1rmezey","twitter_card":"summary_large_image","twitter_misc":{"Written by":"Andrea S\u00e1rmezey","Est. reading time":"1 minute"},"schema":{"@context":"https:\/\/schema.org","@graph":[{"@type":"Article","@id":"https:\/\/isic.hu\/en\/pick-szalami-es-szegedi-paprika-muzeum\/#article","isPartOf":{"@id":"https:\/\/isic.hu\/en\/pick-szalami-es-szegedi-paprika-muzeum\/"},"author":{"name":"Andrea S\u00e1rmezey","@id":"https:\/\/isic.hu\/#\/schema\/person\/5537455b38a36d232dc4eae17e474994"},"headline":"Pick Szal\u00e1mi \u00e9s Szegedi Paprika M\u00fazeum","datePublished":"2013-09-06T10:51:00+00:00","dateModified":"2016-03-16T14:43:55+00:00","mainEntityOfPage":{"@id":"https:\/\/isic.hu\/en\/pick-szalami-es-szegedi-paprika-muzeum\/"},"wordCount":196,"image":{"@id":"https:\/\/isic.hu\/en\/pick-szalami-es-szegedi-paprika-muzeum\/#primaryimage"},"thumbnailUrl":"https:\/\/isic.hu\/wp-content\/uploads\/2013\/09\/pick.jpg","keywords":["Szeged"],"articleSection":["Entertainment"],"inLanguage":"en-US"},{"@type":"WebPage","@id":"https:\/\/isic.hu\/en\/pick-szalami-es-szegedi-paprika-muzeum\/","url":"https:\/\/isic.hu\/en\/pick-szalami-es-szegedi-paprika-muzeum\/","name":"Pick Szal\u00e1mi \u00e9s Szegedi Paprika M\u00fazeum - ISIC Nemzetk\u00f6zi Di\u00e1kigazolv\u00e1ny","isPartOf":{"@id":"https:\/\/isic.hu\/#website"},"primaryImageOfPage":{"@id":"https:\/\/isic.hu\/en\/pick-szalami-es-szegedi-paprika-muzeum\/#primaryimage"},"image":{"@id":"https:\/\/isic.hu\/en\/pick-szalami-es-szegedi-paprika-muzeum\/#primaryimage"},"thumbnailUrl":"https:\/\/isic.hu\/wp-content\/uploads\/2013\/09\/pick.jpg","datePublished":"2013-09-06T10:51:00+00:00","dateModified":"2016-03-16T14:43:55+00:00","author":{"@id":"https:\/\/isic.hu\/#\/schema\/person\/5537455b38a36d232dc4eae17e474994"},"description":"Pick szal\u00e1mi (szegedi t\u00e9liszal\u00e1mi): \u00e9vsz\u00e1zados hagyom\u00e1nyon alapul\u00f3, sert\u00e9sh\u00fas \u00e9s sert\u00e9sszalonna felhaszn\u00e1l\u00e1s\u00e1val, titkos f\u0171szerez\u00e9ssel, b\u00e9lbe t\u00f6ltve,","breadcrumb":{"@id":"https:\/\/isic.hu\/en\/pick-szalami-es-szegedi-paprika-muzeum\/#breadcrumb"},"inLanguage":"en-US","potentialAction":[{"@type":"ReadAction","target":["https:\/\/isic.hu\/en\/pick-szalami-es-szegedi-paprika-muzeum\/"]}]},{"@type":"ImageObject","inLanguage":"en-US","@id":"https:\/\/isic.hu\/en\/pick-szalami-es-szegedi-paprika-muzeum\/#primaryimage","url":"https:\/\/isic.hu\/wp-content\/uploads\/2013\/09\/pick.jpg","contentUrl":"https:\/\/isic.hu\/wp-content\/uploads\/2013\/09\/pick.jpg","width":266,"height":200},{"@type":"BreadcrumbList","@id":"https:\/\/isic.hu\/en\/pick-szalami-es-szegedi-paprika-muzeum\/#breadcrumb","itemListElement":[{"@type":"ListItem","position":1,"name":"Home","item":"https:\/\/isic.hu\/en\/"},{"@type":"ListItem","position":2,"name":"Pick Szal\u00e1mi \u00e9s Szegedi Paprika M\u00fazeum"}]},{"@type":"WebSite","@id":"https:\/\/isic.hu\/#website","url":"https:\/\/isic.hu\/","name":"ISIC Nemzetk\u00f6zi Di\u00e1kigazolv\u00e1ny","description":"International Student Card","potentialAction":[{"@type":"SearchAction","target":{"@type":"EntryPoint","urlTemplate":"https:\/\/isic.hu\/?s={search_term_string}"},"query-input":{"@type":"PropertyValueSpecification","valueRequired":true,"valueName":"search_term_string"}}],"inLanguage":"en-US"},{"@type":"Person","@id":"https:\/\/isic.hu\/#\/schema\/person\/5537455b38a36d232dc4eae17e474994","name":"Andrea S\u00e1rmezey"}]}},"_links":{"self":[{"href":"https:\/\/isic.hu\/en\/wp-json\/wp\/v2\/posts\/219","targetHints":{"allow":["GET"]}}],"collection":[{"href":"https:\/\/isic.hu\/en\/wp-json\/wp\/v2\/posts"}],"about":[{"href":"https:\/\/isic.hu\/en\/wp-json\/wp\/v2\/types\/post"}],"author":[{"embeddable":true,"href":"https:\/\/isic.hu\/en\/wp-json\/wp\/v2\/users\/3"}],"replies":[{"embeddable":true,"href":"https:\/\/isic.hu\/en\/wp-json\/wp\/v2\/comments?post=219"}],"version-history":[{"count":2,"href":"https:\/\/isic.hu\/en\/wp-json\/wp\/v2\/posts\/219\/revisions"}],"predecessor-version":[{"id":761,"href":"https:\/\/isic.hu\/en\/wp-json\/wp\/v2\/posts\/219\/revisions\/761"}],"wp:featuredmedia":[{"embeddable":true,"href":"https:\/\/isic.hu\/en\/wp-json\/wp\/v2\/media\/220"}],"wp:attachment":[{"href":"https:\/\/isic.hu\/en\/wp-json\/wp\/v2\/media?parent=219"}],"wp:term":[{"taxonomy":"category","embeddable":true,"href":"https:\/\/isic.hu\/en\/wp-json\/wp\/v2\/categories?post=219"},{"taxonomy":"post_tag","embeddable":true,"href":"https:\/\/isic.hu\/en\/wp-json\/wp\/v2\/tags?post=219"}],"curies":[{"name":"wp","href":"https:\/\/api.w.org\/{rel}","templated":true}]}}