{"id":2295,"date":"2015-08-10T16:07:18","date_gmt":"2015-08-10T14:07:18","guid":{"rendered":"http:\/\/www.isic.hu\/?p=2295"},"modified":"2016-03-16T15:43:38","modified_gmt":"2016-03-16T14:43:38","slug":"holokauszt-emlekkozpont","status":"publish","type":"post","link":"https:\/\/isic.hu\/en\/holokauszt-emlekkozpont\/","title":{"rendered":"Holocaust Memorial Center"},"content":{"rendered":"<p>The Holocaust Memorial Center is a national institution established by the Government in 1999. In 2002, it decided to construct the building of the Center in P\u00e1va Street, outside of the traditional Jewish quarter, further emphasizing its national character.<\/p>","protected":false},"excerpt":{"rendered":"<p>The Holocaust Memorial Center is a national institution established by the Government in 1999. In 2002, it decided to construct&#8230;<\/p>\n","protected":false},"author":3,"featured_media":2296,"comment_status":"closed","ping_status":"closed","sticky":false,"template":"","format":"standard","meta":{"_acf_changed":false,"footnotes":""},"categories":[1],"tags":[4],"class_list":["post-2295","post","type-post","status-publish","format-standard","has-post-thumbnail","hentry","category-szorakozas","tag-budapest"],"acf":[],"yoast_head":"<!-- This site is optimized with the Yoast SEO plugin v27.2 - https:\/\/yoast.com\/product\/yoast-seo-wordpress\/ -->\n<title>Holokauszt Eml\u00e9kk\u00f6zpontHolocaust Memorial Center - ISIC Nemzetk\u00f6zi Di\u00e1kigazolv\u00e1ny<\/title>\n<meta name=\"description\" content=\"A Holokauszt Eml\u00e9kk\u00f6zpont nemzeti int\u00e9zm\u00e9ny\u00fcnk. A Magyar K\u00f6zt\u00e1rsas\u00e1g Korm\u00e1nya 1999-ben hat\u00e1rozott megalap\u00edt\u00e1s\u00e1r\u00f3l, 2002-ben pedig arr\u00f3l, hogy a P\u00e1va\" \/>\n<meta name=\"robots\" content=\"index, follow, max-snippet:-1, max-image-preview:large, max-video-preview:-1\" \/>\n<link rel=\"canonical\" href=\"https:\/\/isic.hu\/en\/holokauszt-emlekkozpont\/\" \/>\n<meta property=\"og:locale\" content=\"en_US\" \/>\n<meta property=\"og:type\" content=\"article\" \/>\n<meta property=\"og:title\" content=\"Holokauszt Eml\u00e9kk\u00f6zpontHolocaust Memorial Center - ISIC Nemzetk\u00f6zi Di\u00e1kigazolv\u00e1ny\" \/>\n<meta property=\"og:description\" content=\"A Holokauszt Eml\u00e9kk\u00f6zpont nemzeti int\u00e9zm\u00e9ny\u00fcnk. A Magyar K\u00f6zt\u00e1rsas\u00e1g Korm\u00e1nya 1999-ben hat\u00e1rozott megalap\u00edt\u00e1s\u00e1r\u00f3l, 2002-ben pedig arr\u00f3l, hogy a P\u00e1va\" \/>\n<meta property=\"og:url\" content=\"https:\/\/isic.hu\/en\/holokauszt-emlekkozpont\/\" \/>\n<meta property=\"og:site_name\" content=\"ISIC Nemzetk\u00f6zi Di\u00e1kigazolv\u00e1ny\" \/>\n<meta property=\"article:publisher\" content=\"https:\/\/www.facebook.com\/isic.hu\/\" \/>\n<meta property=\"article:published_time\" content=\"2015-08-10T14:07:18+00:00\" \/>\n<meta property=\"article:modified_time\" content=\"2016-03-16T14:43:38+00:00\" \/>\n<meta property=\"og:image\" content=\"https:\/\/isic.hu\/wp-content\/uploads\/2015\/08\/160700_831_holokauszt-emlkkzpont.jpg\" \/>\n\t<meta property=\"og:image:width\" content=\"613\" \/>\n\t<meta property=\"og:image:height\" content=\"441\" \/>\n\t<meta property=\"og:image:type\" content=\"image\/jpeg\" \/>\n<meta name=\"author\" content=\"Andrea S\u00e1rmezey\" \/>\n<meta name=\"twitter:card\" content=\"summary_large_image\" \/>\n<meta name=\"twitter:label1\" content=\"Written by\" \/>\n\t<meta name=\"twitter:data1\" content=\"Andrea S\u00e1rmezey\" \/>\n<script type=\"application\/ld+json\" class=\"yoast-schema-graph\">{\"@context\":\"https:\/\/schema.org\",\"@graph\":[{\"@type\":\"Article\",\"@id\":\"https:\/\/isic.hu\/en\/holokauszt-emlekkozpont\/#article\",\"isPartOf\":{\"@id\":\"https:\/\/isic.hu\/en\/holokauszt-emlekkozpont\/\"},\"author\":{\"name\":\"Andrea S\u00e1rmezey\",\"@id\":\"https:\/\/isic.hu\/#\/schema\/person\/5537455b38a36d232dc4eae17e474994\"},\"headline\":\"Holocaust Memorial Center\",\"datePublished\":\"2015-08-10T14:07:18+00:00\",\"dateModified\":\"2016-03-16T14:43:38+00:00\",\"mainEntityOfPage\":{\"@id\":\"https:\/\/isic.hu\/en\/holokauszt-emlekkozpont\/\"},\"wordCount\":102,\"image\":{\"@id\":\"https:\/\/isic.hu\/en\/holokauszt-emlekkozpont\/#primaryimage\"},\"thumbnailUrl\":\"https:\/\/isic.hu\/wp-content\/uploads\/2015\/08\/160700_831_holokauszt-emlkkzpont.jpg\",\"keywords\":[\"Budapest\"],\"articleSection\":[\"Entertainment\"],\"inLanguage\":\"en-US\"},{\"@type\":\"WebPage\",\"@id\":\"https:\/\/isic.hu\/en\/holokauszt-emlekkozpont\/\",\"url\":\"https:\/\/isic.hu\/en\/holokauszt-emlekkozpont\/\",\"name\":\"Holokauszt Eml\u00e9kk\u00f6zpontHolocaust Memorial Center - ISIC Nemzetk\u00f6zi Di\u00e1kigazolv\u00e1ny\",\"isPartOf\":{\"@id\":\"https:\/\/isic.hu\/#website\"},\"primaryImageOfPage\":{\"@id\":\"https:\/\/isic.hu\/en\/holokauszt-emlekkozpont\/#primaryimage\"},\"image\":{\"@id\":\"https:\/\/isic.hu\/en\/holokauszt-emlekkozpont\/#primaryimage\"},\"thumbnailUrl\":\"https:\/\/isic.hu\/wp-content\/uploads\/2015\/08\/160700_831_holokauszt-emlkkzpont.jpg\",\"datePublished\":\"2015-08-10T14:07:18+00:00\",\"dateModified\":\"2016-03-16T14:43:38+00:00\",\"author\":{\"@id\":\"https:\/\/isic.hu\/#\/schema\/person\/5537455b38a36d232dc4eae17e474994\"},\"description\":\"A Holokauszt Eml\u00e9kk\u00f6zpont nemzeti int\u00e9zm\u00e9ny\u00fcnk. A Magyar K\u00f6zt\u00e1rsas\u00e1g Korm\u00e1nya 1999-ben hat\u00e1rozott megalap\u00edt\u00e1s\u00e1r\u00f3l, 2002-ben pedig arr\u00f3l, hogy a P\u00e1va\",\"breadcrumb\":{\"@id\":\"https:\/\/isic.hu\/en\/holokauszt-emlekkozpont\/#breadcrumb\"},\"inLanguage\":\"en-US\",\"potentialAction\":[{\"@type\":\"ReadAction\",\"target\":[\"https:\/\/isic.hu\/en\/holokauszt-emlekkozpont\/\"]}]},{\"@type\":\"ImageObject\",\"inLanguage\":\"en-US\",\"@id\":\"https:\/\/isic.hu\/en\/holokauszt-emlekkozpont\/#primaryimage\",\"url\":\"https:\/\/isic.hu\/wp-content\/uploads\/2015\/08\/160700_831_holokauszt-emlkkzpont.jpg\",\"contentUrl\":\"https:\/\/isic.hu\/wp-content\/uploads\/2015\/08\/160700_831_holokauszt-emlkkzpont.jpg\",\"width\":613,\"height\":441},{\"@type\":\"BreadcrumbList\",\"@id\":\"https:\/\/isic.hu\/en\/holokauszt-emlekkozpont\/#breadcrumb\",\"itemListElement\":[{\"@type\":\"ListItem\",\"position\":1,\"name\":\"Home\",\"item\":\"https:\/\/isic.hu\/en\/\"},{\"@type\":\"ListItem\",\"position\":2,\"name\":\"Holokauszt Eml\u00e9kk\u00f6zpont\"}]},{\"@type\":\"WebSite\",\"@id\":\"https:\/\/isic.hu\/#website\",\"url\":\"https:\/\/isic.hu\/\",\"name\":\"ISIC Nemzetk\u00f6zi Di\u00e1kigazolv\u00e1ny\",\"description\":\"International Student Card\",\"potentialAction\":[{\"@type\":\"SearchAction\",\"target\":{\"@type\":\"EntryPoint\",\"urlTemplate\":\"https:\/\/isic.hu\/?s={search_term_string}\"},\"query-input\":{\"@type\":\"PropertyValueSpecification\",\"valueRequired\":true,\"valueName\":\"search_term_string\"}}],\"inLanguage\":\"en-US\"},{\"@type\":\"Person\",\"@id\":\"https:\/\/isic.hu\/#\/schema\/person\/5537455b38a36d232dc4eae17e474994\",\"name\":\"Andrea S\u00e1rmezey\"}]}<\/script>\n<!-- \/ Yoast SEO plugin. -->","yoast_head_json":{"title":"Holokauszt Eml\u00e9kk\u00f6zpontHolocaust Memorial Center - ISIC Nemzetk\u00f6zi Di\u00e1kigazolv\u00e1ny","description":"A Holokauszt Eml\u00e9kk\u00f6zpont nemzeti int\u00e9zm\u00e9ny\u00fcnk. A Magyar K\u00f6zt\u00e1rsas\u00e1g Korm\u00e1nya 1999-ben hat\u00e1rozott megalap\u00edt\u00e1s\u00e1r\u00f3l, 2002-ben pedig arr\u00f3l, hogy a P\u00e1va","robots":{"index":"index","follow":"follow","max-snippet":"max-snippet:-1","max-image-preview":"max-image-preview:large","max-video-preview":"max-video-preview:-1"},"canonical":"https:\/\/isic.hu\/en\/holokauszt-emlekkozpont\/","og_locale":"en_US","og_type":"article","og_title":"Holokauszt Eml\u00e9kk\u00f6zpontHolocaust Memorial Center - ISIC Nemzetk\u00f6zi Di\u00e1kigazolv\u00e1ny","og_description":"A Holokauszt Eml\u00e9kk\u00f6zpont nemzeti int\u00e9zm\u00e9ny\u00fcnk. A Magyar K\u00f6zt\u00e1rsas\u00e1g Korm\u00e1nya 1999-ben hat\u00e1rozott megalap\u00edt\u00e1s\u00e1r\u00f3l, 2002-ben pedig arr\u00f3l, hogy a P\u00e1va","og_url":"https:\/\/isic.hu\/en\/holokauszt-emlekkozpont\/","og_site_name":"ISIC Nemzetk\u00f6zi Di\u00e1kigazolv\u00e1ny","article_publisher":"https:\/\/www.facebook.com\/isic.hu\/","article_published_time":"2015-08-10T14:07:18+00:00","article_modified_time":"2016-03-16T14:43:38+00:00","og_image":[{"width":613,"height":441,"url":"https:\/\/isic.hu\/wp-content\/uploads\/2015\/08\/160700_831_holokauszt-emlkkzpont.jpg","type":"image\/jpeg"}],"author":"Andrea S\u00e1rmezey","twitter_card":"summary_large_image","twitter_misc":{"Written by":"Andrea S\u00e1rmezey"},"schema":{"@context":"https:\/\/schema.org","@graph":[{"@type":"Article","@id":"https:\/\/isic.hu\/en\/holokauszt-emlekkozpont\/#article","isPartOf":{"@id":"https:\/\/isic.hu\/en\/holokauszt-emlekkozpont\/"},"author":{"name":"Andrea S\u00e1rmezey","@id":"https:\/\/isic.hu\/#\/schema\/person\/5537455b38a36d232dc4eae17e474994"},"headline":"Holocaust Memorial Center","datePublished":"2015-08-10T14:07:18+00:00","dateModified":"2016-03-16T14:43:38+00:00","mainEntityOfPage":{"@id":"https:\/\/isic.hu\/en\/holokauszt-emlekkozpont\/"},"wordCount":102,"image":{"@id":"https:\/\/isic.hu\/en\/holokauszt-emlekkozpont\/#primaryimage"},"thumbnailUrl":"https:\/\/isic.hu\/wp-content\/uploads\/2015\/08\/160700_831_holokauszt-emlkkzpont.jpg","keywords":["Budapest"],"articleSection":["Entertainment"],"inLanguage":"en-US"},{"@type":"WebPage","@id":"https:\/\/isic.hu\/en\/holokauszt-emlekkozpont\/","url":"https:\/\/isic.hu\/en\/holokauszt-emlekkozpont\/","name":"Holokauszt Eml\u00e9kk\u00f6zpontHolocaust Memorial Center - ISIC Nemzetk\u00f6zi Di\u00e1kigazolv\u00e1ny","isPartOf":{"@id":"https:\/\/isic.hu\/#website"},"primaryImageOfPage":{"@id":"https:\/\/isic.hu\/en\/holokauszt-emlekkozpont\/#primaryimage"},"image":{"@id":"https:\/\/isic.hu\/en\/holokauszt-emlekkozpont\/#primaryimage"},"thumbnailUrl":"https:\/\/isic.hu\/wp-content\/uploads\/2015\/08\/160700_831_holokauszt-emlkkzpont.jpg","datePublished":"2015-08-10T14:07:18+00:00","dateModified":"2016-03-16T14:43:38+00:00","author":{"@id":"https:\/\/isic.hu\/#\/schema\/person\/5537455b38a36d232dc4eae17e474994"},"description":"A Holokauszt Eml\u00e9kk\u00f6zpont nemzeti int\u00e9zm\u00e9ny\u00fcnk. A Magyar K\u00f6zt\u00e1rsas\u00e1g Korm\u00e1nya 1999-ben hat\u00e1rozott megalap\u00edt\u00e1s\u00e1r\u00f3l, 2002-ben pedig arr\u00f3l, hogy a P\u00e1va","breadcrumb":{"@id":"https:\/\/isic.hu\/en\/holokauszt-emlekkozpont\/#breadcrumb"},"inLanguage":"en-US","potentialAction":[{"@type":"ReadAction","target":["https:\/\/isic.hu\/en\/holokauszt-emlekkozpont\/"]}]},{"@type":"ImageObject","inLanguage":"en-US","@id":"https:\/\/isic.hu\/en\/holokauszt-emlekkozpont\/#primaryimage","url":"https:\/\/isic.hu\/wp-content\/uploads\/2015\/08\/160700_831_holokauszt-emlkkzpont.jpg","contentUrl":"https:\/\/isic.hu\/wp-content\/uploads\/2015\/08\/160700_831_holokauszt-emlkkzpont.jpg","width":613,"height":441},{"@type":"BreadcrumbList","@id":"https:\/\/isic.hu\/en\/holokauszt-emlekkozpont\/#breadcrumb","itemListElement":[{"@type":"ListItem","position":1,"name":"Home","item":"https:\/\/isic.hu\/en\/"},{"@type":"ListItem","position":2,"name":"Holokauszt Eml\u00e9kk\u00f6zpont"}]},{"@type":"WebSite","@id":"https:\/\/isic.hu\/#website","url":"https:\/\/isic.hu\/","name":"ISIC Nemzetk\u00f6zi Di\u00e1kigazolv\u00e1ny","description":"International Student Card","potentialAction":[{"@type":"SearchAction","target":{"@type":"EntryPoint","urlTemplate":"https:\/\/isic.hu\/?s={search_term_string}"},"query-input":{"@type":"PropertyValueSpecification","valueRequired":true,"valueName":"search_term_string"}}],"inLanguage":"en-US"},{"@type":"Person","@id":"https:\/\/isic.hu\/#\/schema\/person\/5537455b38a36d232dc4eae17e474994","name":"Andrea S\u00e1rmezey"}]}},"_links":{"self":[{"href":"https:\/\/isic.hu\/en\/wp-json\/wp\/v2\/posts\/2295","targetHints":{"allow":["GET"]}}],"collection":[{"href":"https:\/\/isic.hu\/en\/wp-json\/wp\/v2\/posts"}],"about":[{"href":"https:\/\/isic.hu\/en\/wp-json\/wp\/v2\/types\/post"}],"author":[{"embeddable":true,"href":"https:\/\/isic.hu\/en\/wp-json\/wp\/v2\/users\/3"}],"replies":[{"embeddable":true,"href":"https:\/\/isic.hu\/en\/wp-json\/wp\/v2\/comments?post=2295"}],"version-history":[{"count":1,"href":"https:\/\/isic.hu\/en\/wp-json\/wp\/v2\/posts\/2295\/revisions"}],"predecessor-version":[{"id":2297,"href":"https:\/\/isic.hu\/en\/wp-json\/wp\/v2\/posts\/2295\/revisions\/2297"}],"wp:featuredmedia":[{"embeddable":true,"href":"https:\/\/isic.hu\/en\/wp-json\/wp\/v2\/media\/2296"}],"wp:attachment":[{"href":"https:\/\/isic.hu\/en\/wp-json\/wp\/v2\/media?parent=2295"}],"wp:term":[{"taxonomy":"category","embeddable":true,"href":"https:\/\/isic.hu\/en\/wp-json\/wp\/v2\/categories?post=2295"},{"taxonomy":"post_tag","embeddable":true,"href":"https:\/\/isic.hu\/en\/wp-json\/wp\/v2\/tags?post=2295"}],"curies":[{"name":"wp","href":"https:\/\/api.w.org\/{rel}","templated":true}]}}