{"id":283,"date":"2013-09-06T12:51:50","date_gmt":"2013-09-06T12:51:50","guid":{"rendered":"https:\/\/isic.hu\/test\/?p=283"},"modified":"2016-03-16T15:43:54","modified_gmt":"2016-03-16T14:43:54","slug":"magyar-nemzeti-muzeum","status":"publish","type":"post","link":"https:\/\/isic.hu\/en\/magyar-nemzeti-muzeum\/","title":{"rendered":"Magyar Nemzeti M\u00fazeum"},"content":{"rendered":"<p class=\"qtranxs-available-languages-message qtranxs-available-languages-message-en\">Sorry, this entry is only available in <a href=\"https:\/\/isic.hu\/hu\/wp-json\/wp\/v2\/posts\/283\" class=\"qtranxs-available-language-link qtranxs-available-language-link-hu\" title=\"Magyar\">Magyar<\/a>.<\/p>","protected":false},"excerpt":{"rendered":"<p>Sorry, this entry is only available in Magyar.<\/p>\n","protected":false},"author":3,"featured_media":1369,"comment_status":"closed","ping_status":"open","sticky":false,"template":"","format":"standard","meta":{"_acf_changed":false,"footnotes":""},"categories":[1],"tags":[4],"class_list":["post-283","post","type-post","status-publish","format-standard","has-post-thumbnail","hentry","category-szorakozas","tag-budapest"],"acf":[],"yoast_head":"<!-- This site is optimized with the Yoast SEO plugin v27.2 - https:\/\/yoast.com\/product\/yoast-seo-wordpress\/ -->\n<title>Magyar Nemzeti M\u00fazeum - ISIC Nemzetk\u00f6zi Di\u00e1kigazolv\u00e1ny<\/title>\n<meta name=\"description\" content=\"A Magyar Nemzeti M\u00fazeum igyekszik megfelelni a l\u00e1togat\u00f3i elv\u00e1r\u00e1soknak, ez\u00e9rt folyamatosan b\u0151v\u00edti sz\u00e9lesk\u00f6r\u0171 szolg\u00e1ltat\u00e1sait. Minden kedves l\u00e1togat\u00f3t sok\" \/>\n<meta name=\"robots\" content=\"index, follow, max-snippet:-1, max-image-preview:large, max-video-preview:-1\" \/>\n<link rel=\"canonical\" href=\"https:\/\/isic.hu\/en\/magyar-nemzeti-muzeum\/\" \/>\n<meta property=\"og:locale\" content=\"en_US\" \/>\n<meta property=\"og:type\" content=\"article\" \/>\n<meta property=\"og:title\" content=\"Magyar Nemzeti M\u00fazeum - ISIC Nemzetk\u00f6zi Di\u00e1kigazolv\u00e1ny\" \/>\n<meta property=\"og:description\" content=\"A Magyar Nemzeti M\u00fazeum igyekszik megfelelni a l\u00e1togat\u00f3i elv\u00e1r\u00e1soknak, ez\u00e9rt folyamatosan b\u0151v\u00edti sz\u00e9lesk\u00f6r\u0171 szolg\u00e1ltat\u00e1sait. Minden kedves l\u00e1togat\u00f3t sok\" \/>\n<meta property=\"og:url\" content=\"https:\/\/isic.hu\/en\/magyar-nemzeti-muzeum\/\" \/>\n<meta property=\"og:site_name\" content=\"ISIC Nemzetk\u00f6zi Di\u00e1kigazolv\u00e1ny\" \/>\n<meta property=\"article:publisher\" content=\"https:\/\/www.facebook.com\/isic.hu\/\" \/>\n<meta property=\"article:published_time\" content=\"2013-09-06T12:51:50+00:00\" \/>\n<meta property=\"article:modified_time\" content=\"2016-03-16T14:43:54+00:00\" \/>\n<meta property=\"og:image\" content=\"https:\/\/isic.hu\/wp-content\/uploads\/2013\/09\/2014-06-02-170538_799_250px-magyar_nemzeti_mazeum2.jpg\" \/>\n\t<meta property=\"og:image:width\" content=\"250\" \/>\n\t<meta property=\"og:image:height\" content=\"188\" \/>\n\t<meta property=\"og:image:type\" content=\"image\/jpeg\" \/>\n<meta name=\"author\" content=\"Andrea S\u00e1rmezey\" \/>\n<meta name=\"twitter:card\" content=\"summary_large_image\" \/>\n<meta name=\"twitter:label1\" content=\"Written by\" \/>\n\t<meta name=\"twitter:data1\" content=\"Andrea S\u00e1rmezey\" \/>\n<script type=\"application\/ld+json\" class=\"yoast-schema-graph\">{\"@context\":\"https:\/\/schema.org\",\"@graph\":[{\"@type\":\"Article\",\"@id\":\"https:\/\/isic.hu\/en\/magyar-nemzeti-muzeum\/#article\",\"isPartOf\":{\"@id\":\"https:\/\/isic.hu\/en\/magyar-nemzeti-muzeum\/\"},\"author\":{\"name\":\"Andrea S\u00e1rmezey\",\"@id\":\"https:\/\/isic.hu\/#\/schema\/person\/5537455b38a36d232dc4eae17e474994\"},\"headline\":\"Magyar Nemzeti M\u00fazeum\",\"datePublished\":\"2013-09-06T12:51:50+00:00\",\"dateModified\":\"2016-03-16T14:43:54+00:00\",\"mainEntityOfPage\":{\"@id\":\"https:\/\/isic.hu\/en\/magyar-nemzeti-muzeum\/\"},\"wordCount\":39,\"image\":{\"@id\":\"https:\/\/isic.hu\/en\/magyar-nemzeti-muzeum\/#primaryimage\"},\"thumbnailUrl\":\"https:\/\/isic.hu\/wp-content\/uploads\/2013\/09\/2014-06-02-170538_799_250px-magyar_nemzeti_mazeum2.jpg\",\"keywords\":[\"Budapest\"],\"articleSection\":[\"Entertainment\"],\"inLanguage\":\"en-US\"},{\"@type\":\"WebPage\",\"@id\":\"https:\/\/isic.hu\/en\/magyar-nemzeti-muzeum\/\",\"url\":\"https:\/\/isic.hu\/en\/magyar-nemzeti-muzeum\/\",\"name\":\"Magyar Nemzeti M\u00fazeum - ISIC Nemzetk\u00f6zi Di\u00e1kigazolv\u00e1ny\",\"isPartOf\":{\"@id\":\"https:\/\/isic.hu\/#website\"},\"primaryImageOfPage\":{\"@id\":\"https:\/\/isic.hu\/en\/magyar-nemzeti-muzeum\/#primaryimage\"},\"image\":{\"@id\":\"https:\/\/isic.hu\/en\/magyar-nemzeti-muzeum\/#primaryimage\"},\"thumbnailUrl\":\"https:\/\/isic.hu\/wp-content\/uploads\/2013\/09\/2014-06-02-170538_799_250px-magyar_nemzeti_mazeum2.jpg\",\"datePublished\":\"2013-09-06T12:51:50+00:00\",\"dateModified\":\"2016-03-16T14:43:54+00:00\",\"author\":{\"@id\":\"https:\/\/isic.hu\/#\/schema\/person\/5537455b38a36d232dc4eae17e474994\"},\"description\":\"A Magyar Nemzeti M\u00fazeum igyekszik megfelelni a l\u00e1togat\u00f3i elv\u00e1r\u00e1soknak, ez\u00e9rt folyamatosan b\u0151v\u00edti sz\u00e9lesk\u00f6r\u0171 szolg\u00e1ltat\u00e1sait. Minden kedves l\u00e1togat\u00f3t sok\",\"breadcrumb\":{\"@id\":\"https:\/\/isic.hu\/en\/magyar-nemzeti-muzeum\/#breadcrumb\"},\"inLanguage\":\"en-US\",\"potentialAction\":[{\"@type\":\"ReadAction\",\"target\":[\"https:\/\/isic.hu\/en\/magyar-nemzeti-muzeum\/\"]}]},{\"@type\":\"ImageObject\",\"inLanguage\":\"en-US\",\"@id\":\"https:\/\/isic.hu\/en\/magyar-nemzeti-muzeum\/#primaryimage\",\"url\":\"https:\/\/isic.hu\/wp-content\/uploads\/2013\/09\/2014-06-02-170538_799_250px-magyar_nemzeti_mazeum2.jpg\",\"contentUrl\":\"https:\/\/isic.hu\/wp-content\/uploads\/2013\/09\/2014-06-02-170538_799_250px-magyar_nemzeti_mazeum2.jpg\",\"width\":250,\"height\":188},{\"@type\":\"BreadcrumbList\",\"@id\":\"https:\/\/isic.hu\/en\/magyar-nemzeti-muzeum\/#breadcrumb\",\"itemListElement\":[{\"@type\":\"ListItem\",\"position\":1,\"name\":\"Home\",\"item\":\"https:\/\/isic.hu\/en\/\"},{\"@type\":\"ListItem\",\"position\":2,\"name\":\"Magyar Nemzeti M\u00fazeum\"}]},{\"@type\":\"WebSite\",\"@id\":\"https:\/\/isic.hu\/#website\",\"url\":\"https:\/\/isic.hu\/\",\"name\":\"ISIC Nemzetk\u00f6zi Di\u00e1kigazolv\u00e1ny\",\"description\":\"International Student Card\",\"potentialAction\":[{\"@type\":\"SearchAction\",\"target\":{\"@type\":\"EntryPoint\",\"urlTemplate\":\"https:\/\/isic.hu\/?s={search_term_string}\"},\"query-input\":{\"@type\":\"PropertyValueSpecification\",\"valueRequired\":true,\"valueName\":\"search_term_string\"}}],\"inLanguage\":\"en-US\"},{\"@type\":\"Person\",\"@id\":\"https:\/\/isic.hu\/#\/schema\/person\/5537455b38a36d232dc4eae17e474994\",\"name\":\"Andrea S\u00e1rmezey\"}]}<\/script>\n<!-- \/ Yoast SEO plugin. -->","yoast_head_json":{"title":"Magyar Nemzeti M\u00fazeum - ISIC Nemzetk\u00f6zi Di\u00e1kigazolv\u00e1ny","description":"A Magyar Nemzeti M\u00fazeum igyekszik megfelelni a l\u00e1togat\u00f3i elv\u00e1r\u00e1soknak, ez\u00e9rt folyamatosan b\u0151v\u00edti sz\u00e9lesk\u00f6r\u0171 szolg\u00e1ltat\u00e1sait. Minden kedves l\u00e1togat\u00f3t sok","robots":{"index":"index","follow":"follow","max-snippet":"max-snippet:-1","max-image-preview":"max-image-preview:large","max-video-preview":"max-video-preview:-1"},"canonical":"https:\/\/isic.hu\/en\/magyar-nemzeti-muzeum\/","og_locale":"en_US","og_type":"article","og_title":"Magyar Nemzeti M\u00fazeum - ISIC Nemzetk\u00f6zi Di\u00e1kigazolv\u00e1ny","og_description":"A Magyar Nemzeti M\u00fazeum igyekszik megfelelni a l\u00e1togat\u00f3i elv\u00e1r\u00e1soknak, ez\u00e9rt folyamatosan b\u0151v\u00edti sz\u00e9lesk\u00f6r\u0171 szolg\u00e1ltat\u00e1sait. Minden kedves l\u00e1togat\u00f3t sok","og_url":"https:\/\/isic.hu\/en\/magyar-nemzeti-muzeum\/","og_site_name":"ISIC Nemzetk\u00f6zi Di\u00e1kigazolv\u00e1ny","article_publisher":"https:\/\/www.facebook.com\/isic.hu\/","article_published_time":"2013-09-06T12:51:50+00:00","article_modified_time":"2016-03-16T14:43:54+00:00","og_image":[{"width":250,"height":188,"url":"https:\/\/isic.hu\/wp-content\/uploads\/2013\/09\/2014-06-02-170538_799_250px-magyar_nemzeti_mazeum2.jpg","type":"image\/jpeg"}],"author":"Andrea S\u00e1rmezey","twitter_card":"summary_large_image","twitter_misc":{"Written by":"Andrea S\u00e1rmezey"},"schema":{"@context":"https:\/\/schema.org","@graph":[{"@type":"Article","@id":"https:\/\/isic.hu\/en\/magyar-nemzeti-muzeum\/#article","isPartOf":{"@id":"https:\/\/isic.hu\/en\/magyar-nemzeti-muzeum\/"},"author":{"name":"Andrea S\u00e1rmezey","@id":"https:\/\/isic.hu\/#\/schema\/person\/5537455b38a36d232dc4eae17e474994"},"headline":"Magyar Nemzeti M\u00fazeum","datePublished":"2013-09-06T12:51:50+00:00","dateModified":"2016-03-16T14:43:54+00:00","mainEntityOfPage":{"@id":"https:\/\/isic.hu\/en\/magyar-nemzeti-muzeum\/"},"wordCount":39,"image":{"@id":"https:\/\/isic.hu\/en\/magyar-nemzeti-muzeum\/#primaryimage"},"thumbnailUrl":"https:\/\/isic.hu\/wp-content\/uploads\/2013\/09\/2014-06-02-170538_799_250px-magyar_nemzeti_mazeum2.jpg","keywords":["Budapest"],"articleSection":["Entertainment"],"inLanguage":"en-US"},{"@type":"WebPage","@id":"https:\/\/isic.hu\/en\/magyar-nemzeti-muzeum\/","url":"https:\/\/isic.hu\/en\/magyar-nemzeti-muzeum\/","name":"Magyar Nemzeti M\u00fazeum - ISIC Nemzetk\u00f6zi Di\u00e1kigazolv\u00e1ny","isPartOf":{"@id":"https:\/\/isic.hu\/#website"},"primaryImageOfPage":{"@id":"https:\/\/isic.hu\/en\/magyar-nemzeti-muzeum\/#primaryimage"},"image":{"@id":"https:\/\/isic.hu\/en\/magyar-nemzeti-muzeum\/#primaryimage"},"thumbnailUrl":"https:\/\/isic.hu\/wp-content\/uploads\/2013\/09\/2014-06-02-170538_799_250px-magyar_nemzeti_mazeum2.jpg","datePublished":"2013-09-06T12:51:50+00:00","dateModified":"2016-03-16T14:43:54+00:00","author":{"@id":"https:\/\/isic.hu\/#\/schema\/person\/5537455b38a36d232dc4eae17e474994"},"description":"A Magyar Nemzeti M\u00fazeum igyekszik megfelelni a l\u00e1togat\u00f3i elv\u00e1r\u00e1soknak, ez\u00e9rt folyamatosan b\u0151v\u00edti sz\u00e9lesk\u00f6r\u0171 szolg\u00e1ltat\u00e1sait. Minden kedves l\u00e1togat\u00f3t sok","breadcrumb":{"@id":"https:\/\/isic.hu\/en\/magyar-nemzeti-muzeum\/#breadcrumb"},"inLanguage":"en-US","potentialAction":[{"@type":"ReadAction","target":["https:\/\/isic.hu\/en\/magyar-nemzeti-muzeum\/"]}]},{"@type":"ImageObject","inLanguage":"en-US","@id":"https:\/\/isic.hu\/en\/magyar-nemzeti-muzeum\/#primaryimage","url":"https:\/\/isic.hu\/wp-content\/uploads\/2013\/09\/2014-06-02-170538_799_250px-magyar_nemzeti_mazeum2.jpg","contentUrl":"https:\/\/isic.hu\/wp-content\/uploads\/2013\/09\/2014-06-02-170538_799_250px-magyar_nemzeti_mazeum2.jpg","width":250,"height":188},{"@type":"BreadcrumbList","@id":"https:\/\/isic.hu\/en\/magyar-nemzeti-muzeum\/#breadcrumb","itemListElement":[{"@type":"ListItem","position":1,"name":"Home","item":"https:\/\/isic.hu\/en\/"},{"@type":"ListItem","position":2,"name":"Magyar Nemzeti M\u00fazeum"}]},{"@type":"WebSite","@id":"https:\/\/isic.hu\/#website","url":"https:\/\/isic.hu\/","name":"ISIC Nemzetk\u00f6zi Di\u00e1kigazolv\u00e1ny","description":"International Student Card","potentialAction":[{"@type":"SearchAction","target":{"@type":"EntryPoint","urlTemplate":"https:\/\/isic.hu\/?s={search_term_string}"},"query-input":{"@type":"PropertyValueSpecification","valueRequired":true,"valueName":"search_term_string"}}],"inLanguage":"en-US"},{"@type":"Person","@id":"https:\/\/isic.hu\/#\/schema\/person\/5537455b38a36d232dc4eae17e474994","name":"Andrea S\u00e1rmezey"}]}},"_links":{"self":[{"href":"https:\/\/isic.hu\/en\/wp-json\/wp\/v2\/posts\/283","targetHints":{"allow":["GET"]}}],"collection":[{"href":"https:\/\/isic.hu\/en\/wp-json\/wp\/v2\/posts"}],"about":[{"href":"https:\/\/isic.hu\/en\/wp-json\/wp\/v2\/types\/post"}],"author":[{"embeddable":true,"href":"https:\/\/isic.hu\/en\/wp-json\/wp\/v2\/users\/3"}],"replies":[{"embeddable":true,"href":"https:\/\/isic.hu\/en\/wp-json\/wp\/v2\/comments?post=283"}],"version-history":[{"count":2,"href":"https:\/\/isic.hu\/en\/wp-json\/wp\/v2\/posts\/283\/revisions"}],"predecessor-version":[{"id":872,"href":"https:\/\/isic.hu\/en\/wp-json\/wp\/v2\/posts\/283\/revisions\/872"}],"wp:featuredmedia":[{"embeddable":true,"href":"https:\/\/isic.hu\/en\/wp-json\/wp\/v2\/media\/1369"}],"wp:attachment":[{"href":"https:\/\/isic.hu\/en\/wp-json\/wp\/v2\/media?parent=283"}],"wp:term":[{"taxonomy":"category","embeddable":true,"href":"https:\/\/isic.hu\/en\/wp-json\/wp\/v2\/categories?post=283"},{"taxonomy":"post_tag","embeddable":true,"href":"https:\/\/isic.hu\/en\/wp-json\/wp\/v2\/tags?post=283"}],"curies":[{"name":"wp","href":"https:\/\/api.w.org\/{rel}","templated":true}]}}