{"id":292,"date":"2013-09-06T13:00:45","date_gmt":"2013-09-06T13:00:45","guid":{"rendered":"https:\/\/isic.hu\/test\/?p=292"},"modified":"2017-10-11T00:10:58","modified_gmt":"2017-10-10T22:10:58","slug":"dohany-utcai-zsinagoga","status":"publish","type":"post","link":"https:\/\/isic.hu\/en\/dohany-utcai-zsinagoga\/","title":{"rendered":"Doh\u00e1ny utcai Zsinag\u00f3ga"},"content":{"rendered":"<p>Hossz\u00fa utat j\u00e1rt be Izrael n\u00e9pe, m\u00edg a zsinag\u00f3ga v\u00e1lt az istentisztelet helysz\u00edn\u00e9v\u00e9. Kezdetben, az egyiptomi kivonul\u00e1st k\u00f6vet\u0151en (i.e. 1250 k\u00f6r\u00fcl) s\u00e1trat \u00e9p\u00edtettek, hogy ott mutass\u00e1k be az \u00e1ldozatokat. M\u00f3zes II. k\u00f6nyv\u00e9nek 27. fejezete le\u00edrja, milyen isteni utas\u00edt\u00e1sok alapj\u00e1n \u00e9p\u00fclt fel a pusztai szent\u00e9ly. A honfoglal\u00e1st k\u00f6vet\u0151en Sil\u00f3ban \u00e9p\u00fclt fel a frigys\u00e1tor, mely a rendszeres istentiszteletek helysz\u00edn\u00e9\u00fcl szolg\u00e1lt. Miut\u00e1n D\u00e1vid elfoglalta Jeruzs\u00e1lemet, lehet\u0151v\u00e9 v\u00e1lt, hogy fia, Salamon fel\u00e9p\u00edtse az els\u0151 Szent\u00e9lyt, mely a zsid\u00f3 vall\u00e1s k\u00f6zpontja \u00e9s jelk\u00e9pe lett. E Szent\u00e9lyt i.e. 586-ban Nevuch\u00e1dnec\u00e1r babil\u00f3niai uralkod\u00f3 rombolta le, \u00e9s t\u00f6bb \u00e9vtizedes sz\u00e1m\u0171zet\u00e9sbe hurcolta Izrael fiait.<\/p>\n<p>A visszat\u00e9r\u00e9s ut\u00e1n \u00fajj\u00e1\u00e9p\u00fclt a Szent\u00e9ly, s eg\u00e9szen a r\u00f3maiak ellen v\u00edvott h\u00e1bor\u00faig (i.sz. 70.) fenn\u00e1llt. Ekkor Titusz l\u00e9gi\u00f3i v\u00e9gleg elpuszt\u00edtott\u00e1k a vall\u00e1s k\u00f6zpontj\u00e1t, diaszp\u00f3r\u00e1ba k\u00e9nyszer\u00edttett\u00e9k Izrael n\u00e9p\u00e9t, s hitt\u00e9k, hogy az \u00e1ldozati kultusz megsz\u00fcntet\u00e9s\u00e9vel elpuszt\u00edtj\u00e1k a zsid\u00f3s\u00e1got is. A sz\u00e1m\u0171zet\u00e9sben azonban \u00e1talakult az istentisztelet rendje, az \u00e1ldozatokat felv\u00e1ltotta a mindennapi ima, \u00e9s a Szent\u00e9ly hely\u00e9be a zsinag\u00f3ga (a gy\u00fclekez\u00e9s h\u00e1za) l\u00e9pett. Szerte a vil\u00e1gon \u00e9p\u00fcltek zsinag\u00f3g\u00e1k H\u00f3sea k\u00f6nyv\u00e9nek 14. fejezete alapj\u00e1n: ajkunkkal v\u00e1ltjuk meg az \u00e1ldozati \u00e1llatokat. Mint\u00e1ul az alexandriai zsinag\u00f3ga szolg\u00e1lt, mely m\u00e9reteivel \u00e9s sz\u00e9ps\u00e9g\u00e9vel egyar\u00e1nt leny\u0171g\u00f6zte a zsid\u00f3 \u00e9p\u00edt\u00e9szeket.<\/p>","protected":false},"excerpt":{"rendered":"<p>Hossz\u00fa utat j\u00e1rt be Izrael n\u00e9pe, m\u00edg a zsinag\u00f3ga v\u00e1lt az istentisztelet helysz\u00edn\u00e9v\u00e9. Kezdetben, az egyiptomi kivonul\u00e1st k\u00f6vet\u0151en (i.e. 1250&#8230;<\/p>\n","protected":false},"author":3,"featured_media":293,"comment_status":"closed","ping_status":"open","sticky":false,"template":"","format":"standard","meta":{"_acf_changed":false,"footnotes":""},"categories":[1],"tags":[4],"class_list":["post-292","post","type-post","status-publish","format-standard","has-post-thumbnail","hentry","category-szorakozas","tag-budapest"],"acf":[],"yoast_head":"<!-- This site is optimized with the Yoast SEO plugin v27.2 - https:\/\/yoast.com\/product\/yoast-seo-wordpress\/ -->\n<title>Doh\u00e1ny utcai Zsinag\u00f3ga - ISIC Nemzetk\u00f6zi Di\u00e1kigazolv\u00e1ny<\/title>\n<meta name=\"description\" content=\"Hossz\u00fa utat j\u00e1rt be Izrael n\u00e9pe, m\u00edg a zsinag\u00f3ga v\u00e1lt az istentisztelet helysz\u00edn\u00e9v\u00e9. Kezdetben, az egyiptomi kivonul\u00e1st k\u00f6vet\u0151en (i.e. 1250 k\u00f6r\u00fcl) s\u00e1trat\" \/>\n<meta name=\"robots\" content=\"index, follow, max-snippet:-1, max-image-preview:large, max-video-preview:-1\" \/>\n<link rel=\"canonical\" href=\"https:\/\/isic.hu\/en\/dohany-utcai-zsinagoga\/\" \/>\n<meta property=\"og:locale\" content=\"en_US\" \/>\n<meta property=\"og:type\" content=\"article\" \/>\n<meta property=\"og:title\" content=\"Doh\u00e1ny utcai Zsinag\u00f3ga - ISIC Nemzetk\u00f6zi Di\u00e1kigazolv\u00e1ny\" \/>\n<meta property=\"og:description\" content=\"Hossz\u00fa utat j\u00e1rt be Izrael n\u00e9pe, m\u00edg a zsinag\u00f3ga v\u00e1lt az istentisztelet helysz\u00edn\u00e9v\u00e9. Kezdetben, az egyiptomi kivonul\u00e1st k\u00f6vet\u0151en (i.e. 1250 k\u00f6r\u00fcl) s\u00e1trat\" \/>\n<meta property=\"og:url\" content=\"https:\/\/isic.hu\/en\/dohany-utcai-zsinagoga\/\" \/>\n<meta property=\"og:site_name\" content=\"ISIC Nemzetk\u00f6zi Di\u00e1kigazolv\u00e1ny\" \/>\n<meta property=\"article:publisher\" content=\"https:\/\/www.facebook.com\/isic.hu\/\" \/>\n<meta property=\"article:published_time\" content=\"2013-09-06T13:00:45+00:00\" \/>\n<meta property=\"article:modified_time\" content=\"2017-10-10T22:10:58+00:00\" \/>\n<meta property=\"og:image\" content=\"https:\/\/isic.hu\/wp-content\/uploads\/2013\/09\/Dohany-zsinagoga_f_improf_395x296.jpg\" \/>\n\t<meta property=\"og:image:width\" content=\"394\" \/>\n\t<meta property=\"og:image:height\" content=\"296\" \/>\n\t<meta property=\"og:image:type\" content=\"image\/jpeg\" \/>\n<meta name=\"author\" content=\"Andrea S\u00e1rmezey\" \/>\n<meta name=\"twitter:card\" content=\"summary_large_image\" \/>\n<meta name=\"twitter:label1\" content=\"Written by\" \/>\n\t<meta name=\"twitter:data1\" content=\"Andrea S\u00e1rmezey\" \/>\n\t<meta name=\"twitter:label2\" content=\"Est. reading time\" \/>\n\t<meta name=\"twitter:data2\" content=\"3 minutes\" \/>\n<script type=\"application\/ld+json\" class=\"yoast-schema-graph\">{\"@context\":\"https:\/\/schema.org\",\"@graph\":[{\"@type\":\"Article\",\"@id\":\"https:\/\/isic.hu\/en\/dohany-utcai-zsinagoga\/#article\",\"isPartOf\":{\"@id\":\"https:\/\/isic.hu\/en\/dohany-utcai-zsinagoga\/\"},\"author\":{\"name\":\"Andrea S\u00e1rmezey\",\"@id\":\"https:\/\/isic.hu\/#\/schema\/person\/5537455b38a36d232dc4eae17e474994\"},\"headline\":\"Doh\u00e1ny utcai Zsinag\u00f3ga\",\"datePublished\":\"2013-09-06T13:00:45+00:00\",\"dateModified\":\"2017-10-10T22:10:58+00:00\",\"mainEntityOfPage\":{\"@id\":\"https:\/\/isic.hu\/en\/dohany-utcai-zsinagoga\/\"},\"wordCount\":617,\"image\":{\"@id\":\"https:\/\/isic.hu\/en\/dohany-utcai-zsinagoga\/#primaryimage\"},\"thumbnailUrl\":\"https:\/\/isic.hu\/wp-content\/uploads\/2013\/09\/Dohany-zsinagoga_f_improf_395x296.jpg\",\"keywords\":[\"Budapest\"],\"articleSection\":[\"Entertainment\"],\"inLanguage\":\"en-US\"},{\"@type\":\"WebPage\",\"@id\":\"https:\/\/isic.hu\/en\/dohany-utcai-zsinagoga\/\",\"url\":\"https:\/\/isic.hu\/en\/dohany-utcai-zsinagoga\/\",\"name\":\"Doh\u00e1ny utcai Zsinag\u00f3ga - ISIC Nemzetk\u00f6zi Di\u00e1kigazolv\u00e1ny\",\"isPartOf\":{\"@id\":\"https:\/\/isic.hu\/#website\"},\"primaryImageOfPage\":{\"@id\":\"https:\/\/isic.hu\/en\/dohany-utcai-zsinagoga\/#primaryimage\"},\"image\":{\"@id\":\"https:\/\/isic.hu\/en\/dohany-utcai-zsinagoga\/#primaryimage\"},\"thumbnailUrl\":\"https:\/\/isic.hu\/wp-content\/uploads\/2013\/09\/Dohany-zsinagoga_f_improf_395x296.jpg\",\"datePublished\":\"2013-09-06T13:00:45+00:00\",\"dateModified\":\"2017-10-10T22:10:58+00:00\",\"author\":{\"@id\":\"https:\/\/isic.hu\/#\/schema\/person\/5537455b38a36d232dc4eae17e474994\"},\"description\":\"Hossz\u00fa utat j\u00e1rt be Izrael n\u00e9pe, m\u00edg a zsinag\u00f3ga v\u00e1lt az istentisztelet helysz\u00edn\u00e9v\u00e9. Kezdetben, az egyiptomi kivonul\u00e1st k\u00f6vet\u0151en (i.e. 1250 k\u00f6r\u00fcl) s\u00e1trat\",\"breadcrumb\":{\"@id\":\"https:\/\/isic.hu\/en\/dohany-utcai-zsinagoga\/#breadcrumb\"},\"inLanguage\":\"en-US\",\"potentialAction\":[{\"@type\":\"ReadAction\",\"target\":[\"https:\/\/isic.hu\/en\/dohany-utcai-zsinagoga\/\"]}]},{\"@type\":\"ImageObject\",\"inLanguage\":\"en-US\",\"@id\":\"https:\/\/isic.hu\/en\/dohany-utcai-zsinagoga\/#primaryimage\",\"url\":\"https:\/\/isic.hu\/wp-content\/uploads\/2013\/09\/Dohany-zsinagoga_f_improf_395x296.jpg\",\"contentUrl\":\"https:\/\/isic.hu\/wp-content\/uploads\/2013\/09\/Dohany-zsinagoga_f_improf_395x296.jpg\",\"width\":394,\"height\":296},{\"@type\":\"BreadcrumbList\",\"@id\":\"https:\/\/isic.hu\/en\/dohany-utcai-zsinagoga\/#breadcrumb\",\"itemListElement\":[{\"@type\":\"ListItem\",\"position\":1,\"name\":\"Home\",\"item\":\"https:\/\/isic.hu\/en\/\"},{\"@type\":\"ListItem\",\"position\":2,\"name\":\"Doh\u00e1ny utcai Zsinag\u00f3ga\"}]},{\"@type\":\"WebSite\",\"@id\":\"https:\/\/isic.hu\/#website\",\"url\":\"https:\/\/isic.hu\/\",\"name\":\"ISIC Nemzetk\u00f6zi Di\u00e1kigazolv\u00e1ny\",\"description\":\"International Student Card\",\"potentialAction\":[{\"@type\":\"SearchAction\",\"target\":{\"@type\":\"EntryPoint\",\"urlTemplate\":\"https:\/\/isic.hu\/?s={search_term_string}\"},\"query-input\":{\"@type\":\"PropertyValueSpecification\",\"valueRequired\":true,\"valueName\":\"search_term_string\"}}],\"inLanguage\":\"en-US\"},{\"@type\":\"Person\",\"@id\":\"https:\/\/isic.hu\/#\/schema\/person\/5537455b38a36d232dc4eae17e474994\",\"name\":\"Andrea S\u00e1rmezey\"}]}<\/script>\n<!-- \/ Yoast SEO plugin. -->","yoast_head_json":{"title":"Doh\u00e1ny utcai Zsinag\u00f3ga - ISIC Nemzetk\u00f6zi Di\u00e1kigazolv\u00e1ny","description":"Hossz\u00fa utat j\u00e1rt be Izrael n\u00e9pe, m\u00edg a zsinag\u00f3ga v\u00e1lt az istentisztelet helysz\u00edn\u00e9v\u00e9. Kezdetben, az egyiptomi kivonul\u00e1st k\u00f6vet\u0151en (i.e. 1250 k\u00f6r\u00fcl) s\u00e1trat","robots":{"index":"index","follow":"follow","max-snippet":"max-snippet:-1","max-image-preview":"max-image-preview:large","max-video-preview":"max-video-preview:-1"},"canonical":"https:\/\/isic.hu\/en\/dohany-utcai-zsinagoga\/","og_locale":"en_US","og_type":"article","og_title":"Doh\u00e1ny utcai Zsinag\u00f3ga - ISIC Nemzetk\u00f6zi Di\u00e1kigazolv\u00e1ny","og_description":"Hossz\u00fa utat j\u00e1rt be Izrael n\u00e9pe, m\u00edg a zsinag\u00f3ga v\u00e1lt az istentisztelet helysz\u00edn\u00e9v\u00e9. Kezdetben, az egyiptomi kivonul\u00e1st k\u00f6vet\u0151en (i.e. 1250 k\u00f6r\u00fcl) s\u00e1trat","og_url":"https:\/\/isic.hu\/en\/dohany-utcai-zsinagoga\/","og_site_name":"ISIC Nemzetk\u00f6zi Di\u00e1kigazolv\u00e1ny","article_publisher":"https:\/\/www.facebook.com\/isic.hu\/","article_published_time":"2013-09-06T13:00:45+00:00","article_modified_time":"2017-10-10T22:10:58+00:00","og_image":[{"width":394,"height":296,"url":"https:\/\/isic.hu\/wp-content\/uploads\/2013\/09\/Dohany-zsinagoga_f_improf_395x296.jpg","type":"image\/jpeg"}],"author":"Andrea S\u00e1rmezey","twitter_card":"summary_large_image","twitter_misc":{"Written by":"Andrea S\u00e1rmezey","Est. reading time":"3 minutes"},"schema":{"@context":"https:\/\/schema.org","@graph":[{"@type":"Article","@id":"https:\/\/isic.hu\/en\/dohany-utcai-zsinagoga\/#article","isPartOf":{"@id":"https:\/\/isic.hu\/en\/dohany-utcai-zsinagoga\/"},"author":{"name":"Andrea S\u00e1rmezey","@id":"https:\/\/isic.hu\/#\/schema\/person\/5537455b38a36d232dc4eae17e474994"},"headline":"Doh\u00e1ny utcai Zsinag\u00f3ga","datePublished":"2013-09-06T13:00:45+00:00","dateModified":"2017-10-10T22:10:58+00:00","mainEntityOfPage":{"@id":"https:\/\/isic.hu\/en\/dohany-utcai-zsinagoga\/"},"wordCount":617,"image":{"@id":"https:\/\/isic.hu\/en\/dohany-utcai-zsinagoga\/#primaryimage"},"thumbnailUrl":"https:\/\/isic.hu\/wp-content\/uploads\/2013\/09\/Dohany-zsinagoga_f_improf_395x296.jpg","keywords":["Budapest"],"articleSection":["Entertainment"],"inLanguage":"en-US"},{"@type":"WebPage","@id":"https:\/\/isic.hu\/en\/dohany-utcai-zsinagoga\/","url":"https:\/\/isic.hu\/en\/dohany-utcai-zsinagoga\/","name":"Doh\u00e1ny utcai Zsinag\u00f3ga - ISIC Nemzetk\u00f6zi Di\u00e1kigazolv\u00e1ny","isPartOf":{"@id":"https:\/\/isic.hu\/#website"},"primaryImageOfPage":{"@id":"https:\/\/isic.hu\/en\/dohany-utcai-zsinagoga\/#primaryimage"},"image":{"@id":"https:\/\/isic.hu\/en\/dohany-utcai-zsinagoga\/#primaryimage"},"thumbnailUrl":"https:\/\/isic.hu\/wp-content\/uploads\/2013\/09\/Dohany-zsinagoga_f_improf_395x296.jpg","datePublished":"2013-09-06T13:00:45+00:00","dateModified":"2017-10-10T22:10:58+00:00","author":{"@id":"https:\/\/isic.hu\/#\/schema\/person\/5537455b38a36d232dc4eae17e474994"},"description":"Hossz\u00fa utat j\u00e1rt be Izrael n\u00e9pe, m\u00edg a zsinag\u00f3ga v\u00e1lt az istentisztelet helysz\u00edn\u00e9v\u00e9. Kezdetben, az egyiptomi kivonul\u00e1st k\u00f6vet\u0151en (i.e. 1250 k\u00f6r\u00fcl) s\u00e1trat","breadcrumb":{"@id":"https:\/\/isic.hu\/en\/dohany-utcai-zsinagoga\/#breadcrumb"},"inLanguage":"en-US","potentialAction":[{"@type":"ReadAction","target":["https:\/\/isic.hu\/en\/dohany-utcai-zsinagoga\/"]}]},{"@type":"ImageObject","inLanguage":"en-US","@id":"https:\/\/isic.hu\/en\/dohany-utcai-zsinagoga\/#primaryimage","url":"https:\/\/isic.hu\/wp-content\/uploads\/2013\/09\/Dohany-zsinagoga_f_improf_395x296.jpg","contentUrl":"https:\/\/isic.hu\/wp-content\/uploads\/2013\/09\/Dohany-zsinagoga_f_improf_395x296.jpg","width":394,"height":296},{"@type":"BreadcrumbList","@id":"https:\/\/isic.hu\/en\/dohany-utcai-zsinagoga\/#breadcrumb","itemListElement":[{"@type":"ListItem","position":1,"name":"Home","item":"https:\/\/isic.hu\/en\/"},{"@type":"ListItem","position":2,"name":"Doh\u00e1ny utcai Zsinag\u00f3ga"}]},{"@type":"WebSite","@id":"https:\/\/isic.hu\/#website","url":"https:\/\/isic.hu\/","name":"ISIC Nemzetk\u00f6zi Di\u00e1kigazolv\u00e1ny","description":"International Student Card","potentialAction":[{"@type":"SearchAction","target":{"@type":"EntryPoint","urlTemplate":"https:\/\/isic.hu\/?s={search_term_string}"},"query-input":{"@type":"PropertyValueSpecification","valueRequired":true,"valueName":"search_term_string"}}],"inLanguage":"en-US"},{"@type":"Person","@id":"https:\/\/isic.hu\/#\/schema\/person\/5537455b38a36d232dc4eae17e474994","name":"Andrea S\u00e1rmezey"}]}},"_links":{"self":[{"href":"https:\/\/isic.hu\/en\/wp-json\/wp\/v2\/posts\/292","targetHints":{"allow":["GET"]}}],"collection":[{"href":"https:\/\/isic.hu\/en\/wp-json\/wp\/v2\/posts"}],"about":[{"href":"https:\/\/isic.hu\/en\/wp-json\/wp\/v2\/types\/post"}],"author":[{"embeddable":true,"href":"https:\/\/isic.hu\/en\/wp-json\/wp\/v2\/users\/3"}],"replies":[{"embeddable":true,"href":"https:\/\/isic.hu\/en\/wp-json\/wp\/v2\/comments?post=292"}],"version-history":[{"count":3,"href":"https:\/\/isic.hu\/en\/wp-json\/wp\/v2\/posts\/292\/revisions"}],"predecessor-version":[{"id":3282,"href":"https:\/\/isic.hu\/en\/wp-json\/wp\/v2\/posts\/292\/revisions\/3282"}],"wp:featuredmedia":[{"embeddable":true,"href":"https:\/\/isic.hu\/en\/wp-json\/wp\/v2\/media\/293"}],"wp:attachment":[{"href":"https:\/\/isic.hu\/en\/wp-json\/wp\/v2\/media?parent=292"}],"wp:term":[{"taxonomy":"category","embeddable":true,"href":"https:\/\/isic.hu\/en\/wp-json\/wp\/v2\/categories?post=292"},{"taxonomy":"post_tag","embeddable":true,"href":"https:\/\/isic.hu\/en\/wp-json\/wp\/v2\/tags?post=292"}],"curies":[{"name":"wp","href":"https:\/\/api.w.org\/{rel}","templated":true}]}}