{"id":323,"date":"2013-09-09T08:11:25","date_gmt":"2013-09-09T08:11:25","guid":{"rendered":"https:\/\/isic.hu\/test\/?p=323"},"modified":"2016-03-16T15:43:54","modified_gmt":"2016-03-16T14:43:54","slug":"paskal-strandfurdo","status":"publish","type":"post","link":"https:\/\/isic.hu\/en\/paskal-strandfurdo\/","title":{"rendered":"Pask\u00e1l Strandf\u00fcrd\u0151"},"content":{"rendered":"<p>Budapest legfiatalabb strandf\u00fcrd\u0151je. A strand l\u00e9tes\u00edt\u00e9s\u00e9t ezen a ter\u00fcleten az 1965-ben v\u00e9gzett 1735 m m\u00e9lys\u00e9g\u0171 k\u00fatf\u00far\u00e1s tette lehet\u0151v\u00e9, melyb\u0151l akkor 1000 liter\/perc hozam\u00fa, 70 \u00b0C v\u00edz t\u00f6rt el\u0151. A f\u00fcrd\u0151 1989-ben \u00e9p\u00fclt fel. A korszer\u0171 v\u00edzsz\u0171r\u0151-forgat\u00f3-berendez\u00e9ssel felszerelt medenc\u00e9k a kultur\u00e1lt, parkos\u00edtott k\u00f6rnyezetben sz\u00ednvonalas pihen\u00e9si lehet\u0151s\u00e9get biztos\u00edtanak.<\/p>","protected":false},"excerpt":{"rendered":"<p>Budapest legfiatalabb strandf\u00fcrd\u0151je. A strand l\u00e9tes\u00edt\u00e9s\u00e9t ezen a ter\u00fcleten az 1965-ben v\u00e9gzett 1735 m m\u00e9lys\u00e9g\u0171 k\u00fatf\u00far\u00e1s tette lehet\u0151v\u00e9, melyb\u0151l akkor&#8230;<\/p>\n","protected":false},"author":3,"featured_media":324,"comment_status":"closed","ping_status":"open","sticky":false,"template":"","format":"standard","meta":{"_acf_changed":false,"footnotes":""},"categories":[1],"tags":[4],"class_list":["post-323","post","type-post","status-publish","format-standard","has-post-thumbnail","hentry","category-szorakozas","tag-budapest"],"acf":[],"yoast_head":"<!-- This site is optimized with the Yoast SEO plugin v27.2 - https:\/\/yoast.com\/product\/yoast-seo-wordpress\/ -->\n<title>Pask\u00e1l Strandf\u00fcrd\u0151 - ISIC Nemzetk\u00f6zi Di\u00e1kigazolv\u00e1ny<\/title>\n<meta name=\"description\" content=\"Budapest legfiatalabb strandf\u00fcrd\u0151je. A strand l\u00e9tes\u00edt\u00e9s\u00e9t ezen a ter\u00fcleten az 1965-ben v\u00e9gzett 1735 m m\u00e9lys\u00e9g\u0171 k\u00fatf\u00far\u00e1s tette lehet\u0151v\u00e9, melyb\u0151l akkor 1000\" \/>\n<meta name=\"robots\" content=\"index, follow, max-snippet:-1, max-image-preview:large, max-video-preview:-1\" \/>\n<link rel=\"canonical\" href=\"https:\/\/isic.hu\/en\/paskal-strandfurdo\/\" \/>\n<meta property=\"og:locale\" content=\"en_US\" \/>\n<meta property=\"og:type\" content=\"article\" \/>\n<meta property=\"og:title\" content=\"Pask\u00e1l Strandf\u00fcrd\u0151 - ISIC Nemzetk\u00f6zi Di\u00e1kigazolv\u00e1ny\" \/>\n<meta property=\"og:description\" content=\"Budapest legfiatalabb strandf\u00fcrd\u0151je. A strand l\u00e9tes\u00edt\u00e9s\u00e9t ezen a ter\u00fcleten az 1965-ben v\u00e9gzett 1735 m m\u00e9lys\u00e9g\u0171 k\u00fatf\u00far\u00e1s tette lehet\u0151v\u00e9, melyb\u0151l akkor 1000\" \/>\n<meta property=\"og:url\" content=\"https:\/\/isic.hu\/en\/paskal-strandfurdo\/\" \/>\n<meta property=\"og:site_name\" content=\"ISIC Nemzetk\u00f6zi Di\u00e1kigazolv\u00e1ny\" \/>\n<meta property=\"article:publisher\" content=\"https:\/\/www.facebook.com\/isic.hu\/\" \/>\n<meta property=\"article:published_time\" content=\"2013-09-09T08:11:25+00:00\" \/>\n<meta property=\"article:modified_time\" content=\"2016-03-16T14:43:54+00:00\" \/>\n<meta property=\"og:image\" content=\"https:\/\/isic.hu\/wp-content\/uploads\/2013\/09\/paskal.jpg\" \/>\n\t<meta property=\"og:image:width\" content=\"800\" \/>\n\t<meta property=\"og:image:height\" content=\"526\" \/>\n\t<meta property=\"og:image:type\" content=\"image\/jpeg\" \/>\n<meta name=\"author\" content=\"Andrea S\u00e1rmezey\" \/>\n<meta name=\"twitter:card\" content=\"summary_large_image\" \/>\n<meta name=\"twitter:label1\" content=\"Written by\" \/>\n\t<meta name=\"twitter:data1\" content=\"Andrea S\u00e1rmezey\" \/>\n\t<meta name=\"twitter:label2\" content=\"Est. reading time\" \/>\n\t<meta name=\"twitter:data2\" content=\"1 minute\" \/>\n<script type=\"application\/ld+json\" class=\"yoast-schema-graph\">{\"@context\":\"https:\/\/schema.org\",\"@graph\":[{\"@type\":\"Article\",\"@id\":\"https:\/\/isic.hu\/en\/paskal-strandfurdo\/#article\",\"isPartOf\":{\"@id\":\"https:\/\/isic.hu\/en\/paskal-strandfurdo\/\"},\"author\":{\"name\":\"Andrea S\u00e1rmezey\",\"@id\":\"https:\/\/isic.hu\/#\/schema\/person\/5537455b38a36d232dc4eae17e474994\"},\"headline\":\"Pask\u00e1l Strandf\u00fcrd\u0151\",\"datePublished\":\"2013-09-09T08:11:25+00:00\",\"dateModified\":\"2016-03-16T14:43:54+00:00\",\"mainEntityOfPage\":{\"@id\":\"https:\/\/isic.hu\/en\/paskal-strandfurdo\/\"},\"wordCount\":158,\"image\":{\"@id\":\"https:\/\/isic.hu\/en\/paskal-strandfurdo\/#primaryimage\"},\"thumbnailUrl\":\"https:\/\/isic.hu\/wp-content\/uploads\/2013\/09\/paskal.jpg\",\"keywords\":[\"Budapest\"],\"articleSection\":[\"Entertainment\"],\"inLanguage\":\"en-US\"},{\"@type\":\"WebPage\",\"@id\":\"https:\/\/isic.hu\/en\/paskal-strandfurdo\/\",\"url\":\"https:\/\/isic.hu\/en\/paskal-strandfurdo\/\",\"name\":\"Pask\u00e1l Strandf\u00fcrd\u0151 - ISIC Nemzetk\u00f6zi Di\u00e1kigazolv\u00e1ny\",\"isPartOf\":{\"@id\":\"https:\/\/isic.hu\/#website\"},\"primaryImageOfPage\":{\"@id\":\"https:\/\/isic.hu\/en\/paskal-strandfurdo\/#primaryimage\"},\"image\":{\"@id\":\"https:\/\/isic.hu\/en\/paskal-strandfurdo\/#primaryimage\"},\"thumbnailUrl\":\"https:\/\/isic.hu\/wp-content\/uploads\/2013\/09\/paskal.jpg\",\"datePublished\":\"2013-09-09T08:11:25+00:00\",\"dateModified\":\"2016-03-16T14:43:54+00:00\",\"author\":{\"@id\":\"https:\/\/isic.hu\/#\/schema\/person\/5537455b38a36d232dc4eae17e474994\"},\"description\":\"Budapest legfiatalabb strandf\u00fcrd\u0151je. A strand l\u00e9tes\u00edt\u00e9s\u00e9t ezen a ter\u00fcleten az 1965-ben v\u00e9gzett 1735 m m\u00e9lys\u00e9g\u0171 k\u00fatf\u00far\u00e1s tette lehet\u0151v\u00e9, melyb\u0151l akkor 1000\",\"breadcrumb\":{\"@id\":\"https:\/\/isic.hu\/en\/paskal-strandfurdo\/#breadcrumb\"},\"inLanguage\":\"en-US\",\"potentialAction\":[{\"@type\":\"ReadAction\",\"target\":[\"https:\/\/isic.hu\/en\/paskal-strandfurdo\/\"]}]},{\"@type\":\"ImageObject\",\"inLanguage\":\"en-US\",\"@id\":\"https:\/\/isic.hu\/en\/paskal-strandfurdo\/#primaryimage\",\"url\":\"https:\/\/isic.hu\/wp-content\/uploads\/2013\/09\/paskal.jpg\",\"contentUrl\":\"https:\/\/isic.hu\/wp-content\/uploads\/2013\/09\/paskal.jpg\",\"width\":800,\"height\":526},{\"@type\":\"BreadcrumbList\",\"@id\":\"https:\/\/isic.hu\/en\/paskal-strandfurdo\/#breadcrumb\",\"itemListElement\":[{\"@type\":\"ListItem\",\"position\":1,\"name\":\"Home\",\"item\":\"https:\/\/isic.hu\/en\/\"},{\"@type\":\"ListItem\",\"position\":2,\"name\":\"Pask\u00e1l Strandf\u00fcrd\u0151\"}]},{\"@type\":\"WebSite\",\"@id\":\"https:\/\/isic.hu\/#website\",\"url\":\"https:\/\/isic.hu\/\",\"name\":\"ISIC Nemzetk\u00f6zi Di\u00e1kigazolv\u00e1ny\",\"description\":\"International Student Card\",\"potentialAction\":[{\"@type\":\"SearchAction\",\"target\":{\"@type\":\"EntryPoint\",\"urlTemplate\":\"https:\/\/isic.hu\/?s={search_term_string}\"},\"query-input\":{\"@type\":\"PropertyValueSpecification\",\"valueRequired\":true,\"valueName\":\"search_term_string\"}}],\"inLanguage\":\"en-US\"},{\"@type\":\"Person\",\"@id\":\"https:\/\/isic.hu\/#\/schema\/person\/5537455b38a36d232dc4eae17e474994\",\"name\":\"Andrea S\u00e1rmezey\"}]}<\/script>\n<!-- \/ Yoast SEO plugin. -->","yoast_head_json":{"title":"Pask\u00e1l Strandf\u00fcrd\u0151 - ISIC Nemzetk\u00f6zi Di\u00e1kigazolv\u00e1ny","description":"Budapest legfiatalabb strandf\u00fcrd\u0151je. A strand l\u00e9tes\u00edt\u00e9s\u00e9t ezen a ter\u00fcleten az 1965-ben v\u00e9gzett 1735 m m\u00e9lys\u00e9g\u0171 k\u00fatf\u00far\u00e1s tette lehet\u0151v\u00e9, melyb\u0151l akkor 1000","robots":{"index":"index","follow":"follow","max-snippet":"max-snippet:-1","max-image-preview":"max-image-preview:large","max-video-preview":"max-video-preview:-1"},"canonical":"https:\/\/isic.hu\/en\/paskal-strandfurdo\/","og_locale":"en_US","og_type":"article","og_title":"Pask\u00e1l Strandf\u00fcrd\u0151 - ISIC Nemzetk\u00f6zi Di\u00e1kigazolv\u00e1ny","og_description":"Budapest legfiatalabb strandf\u00fcrd\u0151je. A strand l\u00e9tes\u00edt\u00e9s\u00e9t ezen a ter\u00fcleten az 1965-ben v\u00e9gzett 1735 m m\u00e9lys\u00e9g\u0171 k\u00fatf\u00far\u00e1s tette lehet\u0151v\u00e9, melyb\u0151l akkor 1000","og_url":"https:\/\/isic.hu\/en\/paskal-strandfurdo\/","og_site_name":"ISIC Nemzetk\u00f6zi Di\u00e1kigazolv\u00e1ny","article_publisher":"https:\/\/www.facebook.com\/isic.hu\/","article_published_time":"2013-09-09T08:11:25+00:00","article_modified_time":"2016-03-16T14:43:54+00:00","og_image":[{"width":800,"height":526,"url":"https:\/\/isic.hu\/wp-content\/uploads\/2013\/09\/paskal.jpg","type":"image\/jpeg"}],"author":"Andrea S\u00e1rmezey","twitter_card":"summary_large_image","twitter_misc":{"Written by":"Andrea S\u00e1rmezey","Est. reading time":"1 minute"},"schema":{"@context":"https:\/\/schema.org","@graph":[{"@type":"Article","@id":"https:\/\/isic.hu\/en\/paskal-strandfurdo\/#article","isPartOf":{"@id":"https:\/\/isic.hu\/en\/paskal-strandfurdo\/"},"author":{"name":"Andrea S\u00e1rmezey","@id":"https:\/\/isic.hu\/#\/schema\/person\/5537455b38a36d232dc4eae17e474994"},"headline":"Pask\u00e1l Strandf\u00fcrd\u0151","datePublished":"2013-09-09T08:11:25+00:00","dateModified":"2016-03-16T14:43:54+00:00","mainEntityOfPage":{"@id":"https:\/\/isic.hu\/en\/paskal-strandfurdo\/"},"wordCount":158,"image":{"@id":"https:\/\/isic.hu\/en\/paskal-strandfurdo\/#primaryimage"},"thumbnailUrl":"https:\/\/isic.hu\/wp-content\/uploads\/2013\/09\/paskal.jpg","keywords":["Budapest"],"articleSection":["Entertainment"],"inLanguage":"en-US"},{"@type":"WebPage","@id":"https:\/\/isic.hu\/en\/paskal-strandfurdo\/","url":"https:\/\/isic.hu\/en\/paskal-strandfurdo\/","name":"Pask\u00e1l Strandf\u00fcrd\u0151 - ISIC Nemzetk\u00f6zi Di\u00e1kigazolv\u00e1ny","isPartOf":{"@id":"https:\/\/isic.hu\/#website"},"primaryImageOfPage":{"@id":"https:\/\/isic.hu\/en\/paskal-strandfurdo\/#primaryimage"},"image":{"@id":"https:\/\/isic.hu\/en\/paskal-strandfurdo\/#primaryimage"},"thumbnailUrl":"https:\/\/isic.hu\/wp-content\/uploads\/2013\/09\/paskal.jpg","datePublished":"2013-09-09T08:11:25+00:00","dateModified":"2016-03-16T14:43:54+00:00","author":{"@id":"https:\/\/isic.hu\/#\/schema\/person\/5537455b38a36d232dc4eae17e474994"},"description":"Budapest legfiatalabb strandf\u00fcrd\u0151je. A strand l\u00e9tes\u00edt\u00e9s\u00e9t ezen a ter\u00fcleten az 1965-ben v\u00e9gzett 1735 m m\u00e9lys\u00e9g\u0171 k\u00fatf\u00far\u00e1s tette lehet\u0151v\u00e9, melyb\u0151l akkor 1000","breadcrumb":{"@id":"https:\/\/isic.hu\/en\/paskal-strandfurdo\/#breadcrumb"},"inLanguage":"en-US","potentialAction":[{"@type":"ReadAction","target":["https:\/\/isic.hu\/en\/paskal-strandfurdo\/"]}]},{"@type":"ImageObject","inLanguage":"en-US","@id":"https:\/\/isic.hu\/en\/paskal-strandfurdo\/#primaryimage","url":"https:\/\/isic.hu\/wp-content\/uploads\/2013\/09\/paskal.jpg","contentUrl":"https:\/\/isic.hu\/wp-content\/uploads\/2013\/09\/paskal.jpg","width":800,"height":526},{"@type":"BreadcrumbList","@id":"https:\/\/isic.hu\/en\/paskal-strandfurdo\/#breadcrumb","itemListElement":[{"@type":"ListItem","position":1,"name":"Home","item":"https:\/\/isic.hu\/en\/"},{"@type":"ListItem","position":2,"name":"Pask\u00e1l Strandf\u00fcrd\u0151"}]},{"@type":"WebSite","@id":"https:\/\/isic.hu\/#website","url":"https:\/\/isic.hu\/","name":"ISIC Nemzetk\u00f6zi Di\u00e1kigazolv\u00e1ny","description":"International Student Card","potentialAction":[{"@type":"SearchAction","target":{"@type":"EntryPoint","urlTemplate":"https:\/\/isic.hu\/?s={search_term_string}"},"query-input":{"@type":"PropertyValueSpecification","valueRequired":true,"valueName":"search_term_string"}}],"inLanguage":"en-US"},{"@type":"Person","@id":"https:\/\/isic.hu\/#\/schema\/person\/5537455b38a36d232dc4eae17e474994","name":"Andrea S\u00e1rmezey"}]}},"_links":{"self":[{"href":"https:\/\/isic.hu\/en\/wp-json\/wp\/v2\/posts\/323","targetHints":{"allow":["GET"]}}],"collection":[{"href":"https:\/\/isic.hu\/en\/wp-json\/wp\/v2\/posts"}],"about":[{"href":"https:\/\/isic.hu\/en\/wp-json\/wp\/v2\/types\/post"}],"author":[{"embeddable":true,"href":"https:\/\/isic.hu\/en\/wp-json\/wp\/v2\/users\/3"}],"replies":[{"embeddable":true,"href":"https:\/\/isic.hu\/en\/wp-json\/wp\/v2\/comments?post=323"}],"version-history":[{"count":2,"href":"https:\/\/isic.hu\/en\/wp-json\/wp\/v2\/posts\/323\/revisions"}],"predecessor-version":[{"id":1981,"href":"https:\/\/isic.hu\/en\/wp-json\/wp\/v2\/posts\/323\/revisions\/1981"}],"wp:featuredmedia":[{"embeddable":true,"href":"https:\/\/isic.hu\/en\/wp-json\/wp\/v2\/media\/324"}],"wp:attachment":[{"href":"https:\/\/isic.hu\/en\/wp-json\/wp\/v2\/media?parent=323"}],"wp:term":[{"taxonomy":"category","embeddable":true,"href":"https:\/\/isic.hu\/en\/wp-json\/wp\/v2\/categories?post=323"},{"taxonomy":"post_tag","embeddable":true,"href":"https:\/\/isic.hu\/en\/wp-json\/wp\/v2\/tags?post=323"}],"curies":[{"name":"wp","href":"https:\/\/api.w.org\/{rel}","templated":true}]}}