{"id":3355,"date":"2018-01-10T01:49:08","date_gmt":"2018-01-10T00:49:08","guid":{"rendered":"https:\/\/isic.hu\/?p=3355"},"modified":"2018-01-10T01:49:18","modified_gmt":"2018-01-10T00:49:18","slug":"gyori-kekfesto-muhely","status":"publish","type":"post","link":"https:\/\/isic.hu\/en\/gyori-kekfesto-muhely\/","title":{"rendered":"Gy\u0151ri K\u00e9kfest\u0151 M\u0171hely"},"content":{"rendered":"<p>A k\u00e9kfest\u00e9s egy speci\u00e1lis batikol\u00e1si elj\u00e1r\u00e1s. Nagyobb m\u00e9rt\u00e9kben 18. sz\u00e1zadban terjedt el.<\/p>\n<p>K\u00e9t f\u0151 munkaf\u00e1zisa van:<\/p>\n<ul>\n<li>Fed\u0151anyag (un. pap) felvitele a textil fel\u00fclet\u00e9re nyom\u00f3form\u00e1k (d\u00facok) seg\u00edts\u00e9g\u00e9vel<\/li>\n<li>Sz\u00ednez\u00e9s indig\u00f3cs\u00e1v\u00e1ban f\u00f6ldbe s\u00fcllyesztet fest\u0151medenc\u00e9ben (kip\u00e1ban) vagy k\u00e1dban indatr\u00e9n cs\u00e1v\u00e1ban<\/li>\n<\/ul>\n<p>10 % kedvezm\u00e9nyt ny\u00fajt a c\u00e9g\u00fcnk minden term\u00e9kre, kiv\u00e9ve a k\u00e9kfest\u0151 m\u00e9ter\u00e1r\u00fara \u00e9s a ter\u00edt\u0151kre.<\/p>\n","protected":false},"excerpt":{"rendered":"<p>A k\u00e9kfest\u00e9s egy speci\u00e1lis batikol\u00e1si elj\u00e1r\u00e1s. Nagyobb m\u00e9rt\u00e9kben 18. sz\u00e1zadban terjedt el. K\u00e9t f\u0151 munkaf\u00e1zisa van: Fed\u0151anyag (un. pap) felvitele&#8230;<\/p>\n","protected":false},"author":1,"featured_media":3356,"comment_status":"closed","ping_status":"closed","sticky":false,"template":"","format":"standard","meta":{"_acf_changed":false,"footnotes":""},"categories":[9],"tags":[27],"class_list":["post-3355","post","type-post","status-publish","format-standard","has-post-thumbnail","hentry","category-szolgaltatas","tag-gyor"],"acf":[],"yoast_head":"<!-- This site is optimized with the Yoast SEO plugin v27.2 - https:\/\/yoast.com\/product\/yoast-seo-wordpress\/ -->\n<title>Gy\u0151ri K\u00e9kfest\u0151 M\u0171hely - ISIC Nemzetk\u00f6zi Di\u00e1kigazolv\u00e1ny<\/title>\n<meta name=\"description\" content=\"A k\u00e9kfest\u00e9s egy speci\u00e1lis batikol\u00e1si elj\u00e1r\u00e1s. Nagyobb m\u00e9rt\u00e9kben 18. sz\u00e1zadban terjedt el. K\u00e9t f\u0151 munkaf\u00e1zisa van: Fed\u0151anyag (un. pap) felvitele a textil\" \/>\n<meta name=\"robots\" content=\"index, follow, max-snippet:-1, max-image-preview:large, max-video-preview:-1\" \/>\n<link rel=\"canonical\" href=\"https:\/\/isic.hu\/gyori-kekfesto-muhely\/\" \/>\n<meta property=\"og:locale\" content=\"en_US\" \/>\n<meta property=\"og:type\" content=\"article\" \/>\n<meta property=\"og:title\" content=\"Gy\u0151ri K\u00e9kfest\u0151 M\u0171hely - ISIC Nemzetk\u00f6zi Di\u00e1kigazolv\u00e1ny\" \/>\n<meta property=\"og:description\" content=\"A k\u00e9kfest\u00e9s egy speci\u00e1lis batikol\u00e1si elj\u00e1r\u00e1s. Nagyobb m\u00e9rt\u00e9kben 18. sz\u00e1zadban terjedt el. K\u00e9t f\u0151 munkaf\u00e1zisa van: Fed\u0151anyag (un. pap) felvitele a textil\" \/>\n<meta property=\"og:url\" content=\"https:\/\/isic.hu\/gyori-kekfesto-muhely\/\" \/>\n<meta property=\"og:site_name\" content=\"ISIC Nemzetk\u00f6zi Di\u00e1kigazolv\u00e1ny\" \/>\n<meta property=\"article:publisher\" content=\"https:\/\/www.facebook.com\/isic.hu\/\" \/>\n<meta property=\"article:published_time\" content=\"2018-01-10T00:49:08+00:00\" \/>\n<meta property=\"article:modified_time\" content=\"2018-01-10T00:49:18+00:00\" \/>\n<meta property=\"og:image\" content=\"https:\/\/isic.hu\/wp-content\/uploads\/2018\/01\/gyori-kekfesto.jpg\" \/>\n\t<meta property=\"og:image:width\" content=\"692\" \/>\n\t<meta property=\"og:image:height\" content=\"461\" \/>\n\t<meta property=\"og:image:type\" content=\"image\/jpeg\" \/>\n<meta name=\"author\" content=\"nikola\" \/>\n<meta name=\"twitter:card\" content=\"summary_large_image\" \/>\n<meta name=\"twitter:label1\" content=\"Written by\" \/>\n\t<meta name=\"twitter:data1\" content=\"nikola\" \/>\n<script type=\"application\/ld+json\" class=\"yoast-schema-graph\">{\"@context\":\"https:\/\/schema.org\",\"@graph\":[{\"@type\":\"Article\",\"@id\":\"https:\/\/isic.hu\/gyori-kekfesto-muhely\/#article\",\"isPartOf\":{\"@id\":\"https:\/\/isic.hu\/gyori-kekfesto-muhely\/\"},\"author\":{\"name\":\"nikola\",\"@id\":\"https:\/\/isic.hu\/#\/schema\/person\/07cb906483650d70c93971164df9ed1d\"},\"headline\":\"Gy\u0151ri K\u00e9kfest\u0151 M\u0171hely\",\"datePublished\":\"2018-01-10T00:49:08+00:00\",\"dateModified\":\"2018-01-10T00:49:18+00:00\",\"mainEntityOfPage\":{\"@id\":\"https:\/\/isic.hu\/gyori-kekfesto-muhely\/\"},\"wordCount\":100,\"image\":{\"@id\":\"https:\/\/isic.hu\/gyori-kekfesto-muhely\/#primaryimage\"},\"thumbnailUrl\":\"https:\/\/isic.hu\/wp-content\/uploads\/2018\/01\/gyori-kekfesto.jpg\",\"keywords\":[\"Gy\u0151r\"],\"articleSection\":[\"Services\"],\"inLanguage\":\"en-US\"},{\"@type\":\"WebPage\",\"@id\":\"https:\/\/isic.hu\/gyori-kekfesto-muhely\/\",\"url\":\"https:\/\/isic.hu\/gyori-kekfesto-muhely\/\",\"name\":\"Gy\u0151ri K\u00e9kfest\u0151 M\u0171hely - ISIC Nemzetk\u00f6zi Di\u00e1kigazolv\u00e1ny\",\"isPartOf\":{\"@id\":\"https:\/\/isic.hu\/#website\"},\"primaryImageOfPage\":{\"@id\":\"https:\/\/isic.hu\/gyori-kekfesto-muhely\/#primaryimage\"},\"image\":{\"@id\":\"https:\/\/isic.hu\/gyori-kekfesto-muhely\/#primaryimage\"},\"thumbnailUrl\":\"https:\/\/isic.hu\/wp-content\/uploads\/2018\/01\/gyori-kekfesto.jpg\",\"datePublished\":\"2018-01-10T00:49:08+00:00\",\"dateModified\":\"2018-01-10T00:49:18+00:00\",\"author\":{\"@id\":\"https:\/\/isic.hu\/#\/schema\/person\/07cb906483650d70c93971164df9ed1d\"},\"description\":\"A k\u00e9kfest\u00e9s egy speci\u00e1lis batikol\u00e1si elj\u00e1r\u00e1s. Nagyobb m\u00e9rt\u00e9kben 18. sz\u00e1zadban terjedt el. K\u00e9t f\u0151 munkaf\u00e1zisa van: Fed\u0151anyag (un. pap) felvitele a textil\",\"breadcrumb\":{\"@id\":\"https:\/\/isic.hu\/gyori-kekfesto-muhely\/#breadcrumb\"},\"inLanguage\":\"en-US\",\"potentialAction\":[{\"@type\":\"ReadAction\",\"target\":[\"https:\/\/isic.hu\/gyori-kekfesto-muhely\/\"]}]},{\"@type\":\"ImageObject\",\"inLanguage\":\"en-US\",\"@id\":\"https:\/\/isic.hu\/gyori-kekfesto-muhely\/#primaryimage\",\"url\":\"https:\/\/isic.hu\/wp-content\/uploads\/2018\/01\/gyori-kekfesto.jpg\",\"contentUrl\":\"https:\/\/isic.hu\/wp-content\/uploads\/2018\/01\/gyori-kekfesto.jpg\",\"width\":692,\"height\":461},{\"@type\":\"BreadcrumbList\",\"@id\":\"https:\/\/isic.hu\/gyori-kekfesto-muhely\/#breadcrumb\",\"itemListElement\":[{\"@type\":\"ListItem\",\"position\":1,\"name\":\"Home\",\"item\":\"https:\/\/isic.hu\/en\/\"},{\"@type\":\"ListItem\",\"position\":2,\"name\":\"Gy\u0151ri K\u00e9kfest\u0151 M\u0171hely\"}]},{\"@type\":\"WebSite\",\"@id\":\"https:\/\/isic.hu\/#website\",\"url\":\"https:\/\/isic.hu\/\",\"name\":\"ISIC Nemzetk\u00f6zi Di\u00e1kigazolv\u00e1ny\",\"description\":\"International Student Card\",\"potentialAction\":[{\"@type\":\"SearchAction\",\"target\":{\"@type\":\"EntryPoint\",\"urlTemplate\":\"https:\/\/isic.hu\/?s={search_term_string}\"},\"query-input\":{\"@type\":\"PropertyValueSpecification\",\"valueRequired\":true,\"valueName\":\"search_term_string\"}}],\"inLanguage\":\"en-US\"},{\"@type\":\"Person\",\"@id\":\"https:\/\/isic.hu\/#\/schema\/person\/07cb906483650d70c93971164df9ed1d\",\"name\":\"nikola\"}]}<\/script>\n<!-- \/ Yoast SEO plugin. -->","yoast_head_json":{"title":"Gy\u0151ri K\u00e9kfest\u0151 M\u0171hely - ISIC Nemzetk\u00f6zi Di\u00e1kigazolv\u00e1ny","description":"A k\u00e9kfest\u00e9s egy speci\u00e1lis batikol\u00e1si elj\u00e1r\u00e1s. Nagyobb m\u00e9rt\u00e9kben 18. sz\u00e1zadban terjedt el. K\u00e9t f\u0151 munkaf\u00e1zisa van: Fed\u0151anyag (un. pap) felvitele a textil","robots":{"index":"index","follow":"follow","max-snippet":"max-snippet:-1","max-image-preview":"max-image-preview:large","max-video-preview":"max-video-preview:-1"},"canonical":"https:\/\/isic.hu\/gyori-kekfesto-muhely\/","og_locale":"en_US","og_type":"article","og_title":"Gy\u0151ri K\u00e9kfest\u0151 M\u0171hely - ISIC Nemzetk\u00f6zi Di\u00e1kigazolv\u00e1ny","og_description":"A k\u00e9kfest\u00e9s egy speci\u00e1lis batikol\u00e1si elj\u00e1r\u00e1s. Nagyobb m\u00e9rt\u00e9kben 18. sz\u00e1zadban terjedt el. K\u00e9t f\u0151 munkaf\u00e1zisa van: Fed\u0151anyag (un. pap) felvitele a textil","og_url":"https:\/\/isic.hu\/gyori-kekfesto-muhely\/","og_site_name":"ISIC Nemzetk\u00f6zi Di\u00e1kigazolv\u00e1ny","article_publisher":"https:\/\/www.facebook.com\/isic.hu\/","article_published_time":"2018-01-10T00:49:08+00:00","article_modified_time":"2018-01-10T00:49:18+00:00","og_image":[{"width":692,"height":461,"url":"https:\/\/isic.hu\/wp-content\/uploads\/2018\/01\/gyori-kekfesto.jpg","type":"image\/jpeg"}],"author":"nikola","twitter_card":"summary_large_image","twitter_misc":{"Written by":"nikola"},"schema":{"@context":"https:\/\/schema.org","@graph":[{"@type":"Article","@id":"https:\/\/isic.hu\/gyori-kekfesto-muhely\/#article","isPartOf":{"@id":"https:\/\/isic.hu\/gyori-kekfesto-muhely\/"},"author":{"name":"nikola","@id":"https:\/\/isic.hu\/#\/schema\/person\/07cb906483650d70c93971164df9ed1d"},"headline":"Gy\u0151ri K\u00e9kfest\u0151 M\u0171hely","datePublished":"2018-01-10T00:49:08+00:00","dateModified":"2018-01-10T00:49:18+00:00","mainEntityOfPage":{"@id":"https:\/\/isic.hu\/gyori-kekfesto-muhely\/"},"wordCount":100,"image":{"@id":"https:\/\/isic.hu\/gyori-kekfesto-muhely\/#primaryimage"},"thumbnailUrl":"https:\/\/isic.hu\/wp-content\/uploads\/2018\/01\/gyori-kekfesto.jpg","keywords":["Gy\u0151r"],"articleSection":["Services"],"inLanguage":"en-US"},{"@type":"WebPage","@id":"https:\/\/isic.hu\/gyori-kekfesto-muhely\/","url":"https:\/\/isic.hu\/gyori-kekfesto-muhely\/","name":"Gy\u0151ri K\u00e9kfest\u0151 M\u0171hely - ISIC Nemzetk\u00f6zi Di\u00e1kigazolv\u00e1ny","isPartOf":{"@id":"https:\/\/isic.hu\/#website"},"primaryImageOfPage":{"@id":"https:\/\/isic.hu\/gyori-kekfesto-muhely\/#primaryimage"},"image":{"@id":"https:\/\/isic.hu\/gyori-kekfesto-muhely\/#primaryimage"},"thumbnailUrl":"https:\/\/isic.hu\/wp-content\/uploads\/2018\/01\/gyori-kekfesto.jpg","datePublished":"2018-01-10T00:49:08+00:00","dateModified":"2018-01-10T00:49:18+00:00","author":{"@id":"https:\/\/isic.hu\/#\/schema\/person\/07cb906483650d70c93971164df9ed1d"},"description":"A k\u00e9kfest\u00e9s egy speci\u00e1lis batikol\u00e1si elj\u00e1r\u00e1s. Nagyobb m\u00e9rt\u00e9kben 18. sz\u00e1zadban terjedt el. K\u00e9t f\u0151 munkaf\u00e1zisa van: Fed\u0151anyag (un. pap) felvitele a textil","breadcrumb":{"@id":"https:\/\/isic.hu\/gyori-kekfesto-muhely\/#breadcrumb"},"inLanguage":"en-US","potentialAction":[{"@type":"ReadAction","target":["https:\/\/isic.hu\/gyori-kekfesto-muhely\/"]}]},{"@type":"ImageObject","inLanguage":"en-US","@id":"https:\/\/isic.hu\/gyori-kekfesto-muhely\/#primaryimage","url":"https:\/\/isic.hu\/wp-content\/uploads\/2018\/01\/gyori-kekfesto.jpg","contentUrl":"https:\/\/isic.hu\/wp-content\/uploads\/2018\/01\/gyori-kekfesto.jpg","width":692,"height":461},{"@type":"BreadcrumbList","@id":"https:\/\/isic.hu\/gyori-kekfesto-muhely\/#breadcrumb","itemListElement":[{"@type":"ListItem","position":1,"name":"Home","item":"https:\/\/isic.hu\/en\/"},{"@type":"ListItem","position":2,"name":"Gy\u0151ri K\u00e9kfest\u0151 M\u0171hely"}]},{"@type":"WebSite","@id":"https:\/\/isic.hu\/#website","url":"https:\/\/isic.hu\/","name":"ISIC Nemzetk\u00f6zi Di\u00e1kigazolv\u00e1ny","description":"International Student Card","potentialAction":[{"@type":"SearchAction","target":{"@type":"EntryPoint","urlTemplate":"https:\/\/isic.hu\/?s={search_term_string}"},"query-input":{"@type":"PropertyValueSpecification","valueRequired":true,"valueName":"search_term_string"}}],"inLanguage":"en-US"},{"@type":"Person","@id":"https:\/\/isic.hu\/#\/schema\/person\/07cb906483650d70c93971164df9ed1d","name":"nikola"}]}},"_links":{"self":[{"href":"https:\/\/isic.hu\/en\/wp-json\/wp\/v2\/posts\/3355","targetHints":{"allow":["GET"]}}],"collection":[{"href":"https:\/\/isic.hu\/en\/wp-json\/wp\/v2\/posts"}],"about":[{"href":"https:\/\/isic.hu\/en\/wp-json\/wp\/v2\/types\/post"}],"author":[{"embeddable":true,"href":"https:\/\/isic.hu\/en\/wp-json\/wp\/v2\/users\/1"}],"replies":[{"embeddable":true,"href":"https:\/\/isic.hu\/en\/wp-json\/wp\/v2\/comments?post=3355"}],"version-history":[{"count":1,"href":"https:\/\/isic.hu\/en\/wp-json\/wp\/v2\/posts\/3355\/revisions"}],"predecessor-version":[{"id":3357,"href":"https:\/\/isic.hu\/en\/wp-json\/wp\/v2\/posts\/3355\/revisions\/3357"}],"wp:featuredmedia":[{"embeddable":true,"href":"https:\/\/isic.hu\/en\/wp-json\/wp\/v2\/media\/3356"}],"wp:attachment":[{"href":"https:\/\/isic.hu\/en\/wp-json\/wp\/v2\/media?parent=3355"}],"wp:term":[{"taxonomy":"category","embeddable":true,"href":"https:\/\/isic.hu\/en\/wp-json\/wp\/v2\/categories?post=3355"},{"taxonomy":"post_tag","embeddable":true,"href":"https:\/\/isic.hu\/en\/wp-json\/wp\/v2\/tags?post=3355"}],"curies":[{"name":"wp","href":"https:\/\/api.w.org\/{rel}","templated":true}]}}