{"id":398,"date":"2013-09-09T11:41:41","date_gmt":"2013-09-09T11:41:41","guid":{"rendered":"https:\/\/isic.hu\/test\/?p=398"},"modified":"2016-03-16T15:43:53","modified_gmt":"2016-03-16T14:43:53","slug":"kiscelli-muzeum","status":"publish","type":"post","link":"https:\/\/isic.hu\/en\/kiscelli-muzeum\/","title":{"rendered":"Kiscelli M\u00fazeum"},"content":{"rendered":"<p>Az\u00a0<a title=\"\u00d3buda (v\u00e1rosr\u00e9sz)\" href=\"http:\/\/hu.wikipedia.org\/wiki\/%C3%93buda_(v%C3%A1rosr%C3%A9sz)\">\u00f3budai<\/a>\u00a0B\u00e9csi \u00fat feletti dombon \u00e1ll\u00f3\u00a0<a title=\"Barokk\" href=\"http:\/\/hu.wikipedia.org\/wiki\/Barokk\">barokk<\/a>\u00a0st\u00edlus\u00fa \u00e9p\u00fcletegy\u00fcttes Johann Entzenhoffer b\u00e9csi \u00e9p\u00edt\u00e9sz tervei alapj\u00e1n \u00e9p\u00fclt\u00a0<a title=\"1745\" href=\"http:\/\/hu.wikipedia.org\/wiki\/1745\">1745<\/a>&#8211;<a title=\"1758\" href=\"http:\/\/hu.wikipedia.org\/wiki\/1758\">1758<\/a>\u00a0k\u00f6z\u00f6tt \u00e9s eredetileg a trinit\u00e1riusok kolostora volt. Az egyemeletes rendh\u00e1z \u00e9szaki sz\u00e1rny\u00e1hoz templom s\u00edmult, annak idej\u00e9n itt helyezt\u00e9k el a h\u00edres<a title=\"Ausztria\" href=\"http:\/\/hu.wikipedia.org\/wiki\/Ausztria\">ausztriai<\/a>\u00a0zar\u00e1ndokhely,\u00a0<a title=\"Mariazell\" href=\"http:\/\/hu.wikipedia.org\/wiki\/Mariazell\">Mariazell<\/a>\u00a0kegyszobr\u00e1nak m\u00e1solat\u00e1t, \u00e9s Kiscell (n\u00e9met\u00fcl:\u00a0<i>Klein Zell<\/i>) maga is ismert zar\u00e1ndokhely lett.<\/p>\n<p>A szerzetesrendek\u00a0<a title=\"1784\" href=\"http:\/\/hu.wikipedia.org\/wiki\/1784\">1784<\/a>-es megsz\u00fcntet\u00e9se ut\u00e1n az \u00e9p\u00fcletegy\u00fcttes a kamara tulajdon\u00e1ba ment \u00e1t, hadi k\u00f3rh\u00e1zk\u00e9nt, kasz\u00e1rnyak\u00e9nt, rakt\u00e1rk\u00e9nt is szolg\u00e1lt, majd az elhanyagolt ingatlant\u00a0<a title=\"1911\" href=\"http:\/\/hu.wikipedia.org\/wiki\/1911\">1911<\/a>-ben Schmidt Miksa b\u00e9csi b\u00fatorgy\u00e1ros \u00e9s m\u0171gy\u0171jt\u0151 v\u00e1s\u00e1rolta meg, rendbehozta, egy r\u00e9sz\u00e9t bemutat\u00f3teremnek, mell\u00e9k\u00e9p\u00fcleteit m\u0171helynek haszn\u00e1lta, v\u00e9g\u00fcl\u00a0<a title=\"1935\" href=\"http:\/\/hu.wikipedia.org\/wiki\/1935\">1935<\/a>-ben v\u00e9grendelet\u00e9ben m\u00fazeum c\u00e9lj\u00e1ra a f\u0151v\u00e1rosra hagyta. A sok\u00e1ig\u00a0<i>Schmidt-kast\u00e9ly<\/i>nak is nevezett \u00e9p\u00fcletegy\u00fcttesben a\u00a0<i>Sz\u00e9kesf\u0151v\u00e1rosi M\u00fazeum<\/i>\u00a0v\u00e1rost\u00f6rt\u00e9neti \u00e9s k\u00e9pz\u0151m\u0171v\u00e9szeti gy\u0171jtem\u00e9nyeit helyezt\u00e9k el. A m\u00fazeum\u00a0<a title=\"1944\" href=\"http:\/\/hu.wikipedia.org\/wiki\/1944\">1944<\/a>-45-ben s\u00falyosan megs\u00e9r\u00fclt, az\u00a0<a title=\"1956\" href=\"http:\/\/hu.wikipedia.org\/wiki\/1956\">1956<\/a>. novemberi harcokban is k\u00e1rokat szenvedett. Az\u00f3ta a volt rendh\u00e1z \u00e9p\u00fclet\u00e9nek nagy r\u00e9sze fel\u00faj\u00edtva, az egykori templom\u00e9p\u00fclet pedig korszer\u0171 ki\u00e1ll\u00edt\u00f3t\u00e9rr\u00e9 \u00e1talak\u00edtva fogadja a l\u00e1togat\u00f3kat. Ut\u00f3bbiban az id\u0151szaki ki\u00e1ll\u00edt\u00e1sokon k\u00edv\u00fcl gyakran komolyzenei el\u0151ad\u00e1sokat \u00e9s m\u00e1s alkalmi rendezv\u00e9nyeket is tartanak.<\/p>","protected":false},"excerpt":{"rendered":"<p>Az\u00a0\u00f3budai\u00a0B\u00e9csi \u00fat feletti dombon \u00e1ll\u00f3\u00a0barokk\u00a0st\u00edlus\u00fa \u00e9p\u00fcletegy\u00fcttes Johann Entzenhoffer b\u00e9csi \u00e9p\u00edt\u00e9sz tervei alapj\u00e1n \u00e9p\u00fclt\u00a01745&#8211;1758\u00a0k\u00f6z\u00f6tt \u00e9s eredetileg a trinit\u00e1riusok kolostora volt. Az&#8230;<\/p>\n","protected":false},"author":3,"featured_media":399,"comment_status":"closed","ping_status":"open","sticky":false,"template":"","format":"standard","meta":{"_acf_changed":false,"footnotes":""},"categories":[1],"tags":[4],"class_list":["post-398","post","type-post","status-publish","format-standard","has-post-thumbnail","hentry","category-szorakozas","tag-budapest"],"acf":[],"yoast_head":"<!-- This site is optimized with the Yoast SEO plugin v27.2 - https:\/\/yoast.com\/product\/yoast-seo-wordpress\/ -->\n<title>Kiscelli M\u00fazeum - ISIC Nemzetk\u00f6zi Di\u00e1kigazolv\u00e1ny<\/title>\n<meta name=\"description\" content=\"Az\u00a0\u00f3budai\u00a0B\u00e9csi \u00fat feletti dombon \u00e1ll\u00f3\u00a0barokk\u00a0st\u00edlus\u00fa \u00e9p\u00fcletegy\u00fcttes Johann Entzenhoffer b\u00e9csi \u00e9p\u00edt\u00e9sz tervei alapj\u00e1n \u00e9p\u00fclt\u00a01745-1758\u00a0k\u00f6z\u00f6tt \u00e9s eredetileg\" \/>\n<meta name=\"robots\" content=\"index, follow, max-snippet:-1, max-image-preview:large, max-video-preview:-1\" \/>\n<link rel=\"canonical\" href=\"https:\/\/isic.hu\/en\/kiscelli-muzeum\/\" \/>\n<meta property=\"og:locale\" content=\"en_US\" \/>\n<meta property=\"og:type\" content=\"article\" \/>\n<meta property=\"og:title\" content=\"Kiscelli M\u00fazeum - ISIC Nemzetk\u00f6zi Di\u00e1kigazolv\u00e1ny\" \/>\n<meta property=\"og:description\" content=\"Az\u00a0\u00f3budai\u00a0B\u00e9csi \u00fat feletti dombon \u00e1ll\u00f3\u00a0barokk\u00a0st\u00edlus\u00fa \u00e9p\u00fcletegy\u00fcttes Johann Entzenhoffer b\u00e9csi \u00e9p\u00edt\u00e9sz tervei alapj\u00e1n \u00e9p\u00fclt\u00a01745-1758\u00a0k\u00f6z\u00f6tt \u00e9s eredetileg\" \/>\n<meta property=\"og:url\" content=\"https:\/\/isic.hu\/en\/kiscelli-muzeum\/\" \/>\n<meta property=\"og:site_name\" content=\"ISIC Nemzetk\u00f6zi Di\u00e1kigazolv\u00e1ny\" \/>\n<meta property=\"article:publisher\" content=\"https:\/\/www.facebook.com\/isic.hu\/\" \/>\n<meta property=\"article:published_time\" content=\"2013-09-09T11:41:41+00:00\" \/>\n<meta property=\"article:modified_time\" content=\"2016-03-16T14:43:53+00:00\" \/>\n<meta property=\"og:image\" content=\"https:\/\/isic.hu\/wp-content\/uploads\/2013\/09\/kiscelli.jpg\" \/>\n\t<meta property=\"og:image:width\" content=\"1024\" \/>\n\t<meta property=\"og:image:height\" content=\"678\" \/>\n\t<meta property=\"og:image:type\" content=\"image\/jpeg\" \/>\n<meta name=\"author\" content=\"Andrea S\u00e1rmezey\" \/>\n<meta name=\"twitter:card\" content=\"summary_large_image\" \/>\n<meta name=\"twitter:label1\" content=\"Written by\" \/>\n\t<meta name=\"twitter:data1\" content=\"Andrea S\u00e1rmezey\" \/>\n\t<meta name=\"twitter:label2\" content=\"Est. reading time\" \/>\n\t<meta name=\"twitter:data2\" content=\"3 minutes\" \/>\n<script type=\"application\/ld+json\" class=\"yoast-schema-graph\">{\"@context\":\"https:\/\/schema.org\",\"@graph\":[{\"@type\":\"Article\",\"@id\":\"https:\/\/isic.hu\/en\/kiscelli-muzeum\/#article\",\"isPartOf\":{\"@id\":\"https:\/\/isic.hu\/en\/kiscelli-muzeum\/\"},\"author\":{\"name\":\"Andrea S\u00e1rmezey\",\"@id\":\"https:\/\/isic.hu\/#\/schema\/person\/5537455b38a36d232dc4eae17e474994\"},\"headline\":\"Kiscelli M\u00fazeum\",\"datePublished\":\"2013-09-09T11:41:41+00:00\",\"dateModified\":\"2016-03-16T14:43:53+00:00\",\"mainEntityOfPage\":{\"@id\":\"https:\/\/isic.hu\/en\/kiscelli-muzeum\/\"},\"wordCount\":547,\"image\":{\"@id\":\"https:\/\/isic.hu\/en\/kiscelli-muzeum\/#primaryimage\"},\"thumbnailUrl\":\"https:\/\/isic.hu\/wp-content\/uploads\/2013\/09\/kiscelli.jpg\",\"keywords\":[\"Budapest\"],\"articleSection\":[\"Entertainment\"],\"inLanguage\":\"en-US\"},{\"@type\":\"WebPage\",\"@id\":\"https:\/\/isic.hu\/en\/kiscelli-muzeum\/\",\"url\":\"https:\/\/isic.hu\/en\/kiscelli-muzeum\/\",\"name\":\"Kiscelli M\u00fazeum - ISIC Nemzetk\u00f6zi Di\u00e1kigazolv\u00e1ny\",\"isPartOf\":{\"@id\":\"https:\/\/isic.hu\/#website\"},\"primaryImageOfPage\":{\"@id\":\"https:\/\/isic.hu\/en\/kiscelli-muzeum\/#primaryimage\"},\"image\":{\"@id\":\"https:\/\/isic.hu\/en\/kiscelli-muzeum\/#primaryimage\"},\"thumbnailUrl\":\"https:\/\/isic.hu\/wp-content\/uploads\/2013\/09\/kiscelli.jpg\",\"datePublished\":\"2013-09-09T11:41:41+00:00\",\"dateModified\":\"2016-03-16T14:43:53+00:00\",\"author\":{\"@id\":\"https:\/\/isic.hu\/#\/schema\/person\/5537455b38a36d232dc4eae17e474994\"},\"description\":\"Az\u00a0\u00f3budai\u00a0B\u00e9csi \u00fat feletti dombon \u00e1ll\u00f3\u00a0barokk\u00a0st\u00edlus\u00fa \u00e9p\u00fcletegy\u00fcttes Johann Entzenhoffer b\u00e9csi \u00e9p\u00edt\u00e9sz tervei alapj\u00e1n \u00e9p\u00fclt\u00a01745-1758\u00a0k\u00f6z\u00f6tt \u00e9s eredetileg\",\"breadcrumb\":{\"@id\":\"https:\/\/isic.hu\/en\/kiscelli-muzeum\/#breadcrumb\"},\"inLanguage\":\"en-US\",\"potentialAction\":[{\"@type\":\"ReadAction\",\"target\":[\"https:\/\/isic.hu\/en\/kiscelli-muzeum\/\"]}]},{\"@type\":\"ImageObject\",\"inLanguage\":\"en-US\",\"@id\":\"https:\/\/isic.hu\/en\/kiscelli-muzeum\/#primaryimage\",\"url\":\"https:\/\/isic.hu\/wp-content\/uploads\/2013\/09\/kiscelli.jpg\",\"contentUrl\":\"https:\/\/isic.hu\/wp-content\/uploads\/2013\/09\/kiscelli.jpg\",\"width\":1024,\"height\":678},{\"@type\":\"BreadcrumbList\",\"@id\":\"https:\/\/isic.hu\/en\/kiscelli-muzeum\/#breadcrumb\",\"itemListElement\":[{\"@type\":\"ListItem\",\"position\":1,\"name\":\"Home\",\"item\":\"https:\/\/isic.hu\/en\/\"},{\"@type\":\"ListItem\",\"position\":2,\"name\":\"Kiscelli M\u00fazeum\"}]},{\"@type\":\"WebSite\",\"@id\":\"https:\/\/isic.hu\/#website\",\"url\":\"https:\/\/isic.hu\/\",\"name\":\"ISIC Nemzetk\u00f6zi Di\u00e1kigazolv\u00e1ny\",\"description\":\"International Student Card\",\"potentialAction\":[{\"@type\":\"SearchAction\",\"target\":{\"@type\":\"EntryPoint\",\"urlTemplate\":\"https:\/\/isic.hu\/?s={search_term_string}\"},\"query-input\":{\"@type\":\"PropertyValueSpecification\",\"valueRequired\":true,\"valueName\":\"search_term_string\"}}],\"inLanguage\":\"en-US\"},{\"@type\":\"Person\",\"@id\":\"https:\/\/isic.hu\/#\/schema\/person\/5537455b38a36d232dc4eae17e474994\",\"name\":\"Andrea S\u00e1rmezey\"}]}<\/script>\n<!-- \/ Yoast SEO plugin. -->","yoast_head_json":{"title":"Kiscelli M\u00fazeum - ISIC Nemzetk\u00f6zi Di\u00e1kigazolv\u00e1ny","description":"Az\u00a0\u00f3budai\u00a0B\u00e9csi \u00fat feletti dombon \u00e1ll\u00f3\u00a0barokk\u00a0st\u00edlus\u00fa \u00e9p\u00fcletegy\u00fcttes Johann Entzenhoffer b\u00e9csi \u00e9p\u00edt\u00e9sz tervei alapj\u00e1n \u00e9p\u00fclt\u00a01745-1758\u00a0k\u00f6z\u00f6tt \u00e9s eredetileg","robots":{"index":"index","follow":"follow","max-snippet":"max-snippet:-1","max-image-preview":"max-image-preview:large","max-video-preview":"max-video-preview:-1"},"canonical":"https:\/\/isic.hu\/en\/kiscelli-muzeum\/","og_locale":"en_US","og_type":"article","og_title":"Kiscelli M\u00fazeum - ISIC Nemzetk\u00f6zi Di\u00e1kigazolv\u00e1ny","og_description":"Az\u00a0\u00f3budai\u00a0B\u00e9csi \u00fat feletti dombon \u00e1ll\u00f3\u00a0barokk\u00a0st\u00edlus\u00fa \u00e9p\u00fcletegy\u00fcttes Johann Entzenhoffer b\u00e9csi \u00e9p\u00edt\u00e9sz tervei alapj\u00e1n \u00e9p\u00fclt\u00a01745-1758\u00a0k\u00f6z\u00f6tt \u00e9s eredetileg","og_url":"https:\/\/isic.hu\/en\/kiscelli-muzeum\/","og_site_name":"ISIC Nemzetk\u00f6zi Di\u00e1kigazolv\u00e1ny","article_publisher":"https:\/\/www.facebook.com\/isic.hu\/","article_published_time":"2013-09-09T11:41:41+00:00","article_modified_time":"2016-03-16T14:43:53+00:00","og_image":[{"width":1024,"height":678,"url":"https:\/\/isic.hu\/wp-content\/uploads\/2013\/09\/kiscelli.jpg","type":"image\/jpeg"}],"author":"Andrea S\u00e1rmezey","twitter_card":"summary_large_image","twitter_misc":{"Written by":"Andrea S\u00e1rmezey","Est. reading time":"3 minutes"},"schema":{"@context":"https:\/\/schema.org","@graph":[{"@type":"Article","@id":"https:\/\/isic.hu\/en\/kiscelli-muzeum\/#article","isPartOf":{"@id":"https:\/\/isic.hu\/en\/kiscelli-muzeum\/"},"author":{"name":"Andrea S\u00e1rmezey","@id":"https:\/\/isic.hu\/#\/schema\/person\/5537455b38a36d232dc4eae17e474994"},"headline":"Kiscelli M\u00fazeum","datePublished":"2013-09-09T11:41:41+00:00","dateModified":"2016-03-16T14:43:53+00:00","mainEntityOfPage":{"@id":"https:\/\/isic.hu\/en\/kiscelli-muzeum\/"},"wordCount":547,"image":{"@id":"https:\/\/isic.hu\/en\/kiscelli-muzeum\/#primaryimage"},"thumbnailUrl":"https:\/\/isic.hu\/wp-content\/uploads\/2013\/09\/kiscelli.jpg","keywords":["Budapest"],"articleSection":["Entertainment"],"inLanguage":"en-US"},{"@type":"WebPage","@id":"https:\/\/isic.hu\/en\/kiscelli-muzeum\/","url":"https:\/\/isic.hu\/en\/kiscelli-muzeum\/","name":"Kiscelli M\u00fazeum - ISIC Nemzetk\u00f6zi Di\u00e1kigazolv\u00e1ny","isPartOf":{"@id":"https:\/\/isic.hu\/#website"},"primaryImageOfPage":{"@id":"https:\/\/isic.hu\/en\/kiscelli-muzeum\/#primaryimage"},"image":{"@id":"https:\/\/isic.hu\/en\/kiscelli-muzeum\/#primaryimage"},"thumbnailUrl":"https:\/\/isic.hu\/wp-content\/uploads\/2013\/09\/kiscelli.jpg","datePublished":"2013-09-09T11:41:41+00:00","dateModified":"2016-03-16T14:43:53+00:00","author":{"@id":"https:\/\/isic.hu\/#\/schema\/person\/5537455b38a36d232dc4eae17e474994"},"description":"Az\u00a0\u00f3budai\u00a0B\u00e9csi \u00fat feletti dombon \u00e1ll\u00f3\u00a0barokk\u00a0st\u00edlus\u00fa \u00e9p\u00fcletegy\u00fcttes Johann Entzenhoffer b\u00e9csi \u00e9p\u00edt\u00e9sz tervei alapj\u00e1n \u00e9p\u00fclt\u00a01745-1758\u00a0k\u00f6z\u00f6tt \u00e9s eredetileg","breadcrumb":{"@id":"https:\/\/isic.hu\/en\/kiscelli-muzeum\/#breadcrumb"},"inLanguage":"en-US","potentialAction":[{"@type":"ReadAction","target":["https:\/\/isic.hu\/en\/kiscelli-muzeum\/"]}]},{"@type":"ImageObject","inLanguage":"en-US","@id":"https:\/\/isic.hu\/en\/kiscelli-muzeum\/#primaryimage","url":"https:\/\/isic.hu\/wp-content\/uploads\/2013\/09\/kiscelli.jpg","contentUrl":"https:\/\/isic.hu\/wp-content\/uploads\/2013\/09\/kiscelli.jpg","width":1024,"height":678},{"@type":"BreadcrumbList","@id":"https:\/\/isic.hu\/en\/kiscelli-muzeum\/#breadcrumb","itemListElement":[{"@type":"ListItem","position":1,"name":"Home","item":"https:\/\/isic.hu\/en\/"},{"@type":"ListItem","position":2,"name":"Kiscelli M\u00fazeum"}]},{"@type":"WebSite","@id":"https:\/\/isic.hu\/#website","url":"https:\/\/isic.hu\/","name":"ISIC Nemzetk\u00f6zi Di\u00e1kigazolv\u00e1ny","description":"International Student Card","potentialAction":[{"@type":"SearchAction","target":{"@type":"EntryPoint","urlTemplate":"https:\/\/isic.hu\/?s={search_term_string}"},"query-input":{"@type":"PropertyValueSpecification","valueRequired":true,"valueName":"search_term_string"}}],"inLanguage":"en-US"},{"@type":"Person","@id":"https:\/\/isic.hu\/#\/schema\/person\/5537455b38a36d232dc4eae17e474994","name":"Andrea S\u00e1rmezey"}]}},"_links":{"self":[{"href":"https:\/\/isic.hu\/en\/wp-json\/wp\/v2\/posts\/398","targetHints":{"allow":["GET"]}}],"collection":[{"href":"https:\/\/isic.hu\/en\/wp-json\/wp\/v2\/posts"}],"about":[{"href":"https:\/\/isic.hu\/en\/wp-json\/wp\/v2\/types\/post"}],"author":[{"embeddable":true,"href":"https:\/\/isic.hu\/en\/wp-json\/wp\/v2\/users\/3"}],"replies":[{"embeddable":true,"href":"https:\/\/isic.hu\/en\/wp-json\/wp\/v2\/comments?post=398"}],"version-history":[{"count":2,"href":"https:\/\/isic.hu\/en\/wp-json\/wp\/v2\/posts\/398\/revisions"}],"predecessor-version":[{"id":721,"href":"https:\/\/isic.hu\/en\/wp-json\/wp\/v2\/posts\/398\/revisions\/721"}],"wp:featuredmedia":[{"embeddable":true,"href":"https:\/\/isic.hu\/en\/wp-json\/wp\/v2\/media\/399"}],"wp:attachment":[{"href":"https:\/\/isic.hu\/en\/wp-json\/wp\/v2\/media?parent=398"}],"wp:term":[{"taxonomy":"category","embeddable":true,"href":"https:\/\/isic.hu\/en\/wp-json\/wp\/v2\/categories?post=398"},{"taxonomy":"post_tag","embeddable":true,"href":"https:\/\/isic.hu\/en\/wp-json\/wp\/v2\/tags?post=398"}],"curies":[{"name":"wp","href":"https:\/\/api.w.org\/{rel}","templated":true}]}}