{"id":410,"date":"2013-09-09T11:57:11","date_gmt":"2013-09-09T11:57:11","guid":{"rendered":"https:\/\/isic.hu\/test\/?p=410"},"modified":"2016-03-16T15:43:52","modified_gmt":"2016-03-16T14:43:52","slug":"mucsarnok","status":"publish","type":"post","link":"https:\/\/isic.hu\/en\/mucsarnok\/","title":{"rendered":"M\u0171csarnok"},"content":{"rendered":"<p>H\u0151s\u00f6k ter\u00e9n \u00e1ll\u00f3 bazilik\u00e1lis alaprajz\u00fa, 2300 m2-es alapter\u00fclet\u0171 \u00e9p\u00fclet 1896-ra, a honfoglal\u00e1s 1000 \u00e9ves \u00e9vfordul\u00f3j\u00e1nak \u00fcnneps\u00e9geire k\u00e9sz\u00fclt el, Schickedanz Albert m\u0171\u00e9p\u00edt\u00e9sz tervei szerint.<\/p>\n<p>Az \u00e9p\u00fclet f\u0151mot\u00edvuma a hatoszlopos bej\u00e1rati portikusz korinthoszi oszloprenddel. H\u00e1ts\u00f3 fal\u00e1n De\u00e1k \u00c9bner Lajos h\u00e1romr\u00e9szes fresk\u00f3ja a szobr\u00e1szat kezdet\u00e9t Vulk\u00e1n \u00e9s Ath\u00e9n\u00e9 alakj\u00e1val, a m\u0171v\u00e9szetek k\u00fatforr\u00e1s\u00e1t Apoll\u00f3val \u00e9s a m\u00fazs\u00e1kkal, s a fest\u00e9szet eredet\u00e9t a szerelmes p\u00e1sztorral az antik legenda szerint \u00e1br\u00e1zolja. A k\u00f6zbens\u0151 k\u00e9peken a fest\u00e9szet \u00e9s a szobr\u00e1szat allegorikus alakjai szerepelnek. A v\u00f6r\u00f6sr\u00e9zb\u0151l kov\u00e1csolt, kazett\u00e1kkal d\u00edsz\u00edtett f\u0151kaput S\u00e1tori P\u00e1l k\u00e9sz\u00edtette.<br \/>\nAz \u00e9p\u00fclet oldalhomlokzatainak tagol\u00e1sa \u00e9s d\u00edsz\u00edt\u00e9se nem csup\u00e1n a sz\u00ednek \u00e9s a megv\u00e1lasztott anyagok harm\u00f3ni\u00e1ja miatt \u00e9rdemel figyelmet, hanem a p\u00e9csi pyrogr\u00e1nit ilyet\u00e9n alkalmaz\u00e1s\u00e1nak ritkas\u00e1ga miatt is. A t\u00e9glaburkolat\u00fa fals\u00edkokat pilaszterek, f\u0151p\u00e1rk\u00e1ny, ablakkeretez\u00e9sek, tabl\u00f3k \u00e9s amorettek sz\u00ednes \u00e9s az \u00e9rett renesz\u00e1nsz formavil\u00e1g\u00e1t id\u00e9z\u0151 elemei tagolj\u00e1k.<\/p>\n<p>A m\u0171eml\u00e9k\u00e9p\u00fclet 1991-94 k\u00f6z\u00f6tt nagysza- b\u00e1s\u00fa rekonstrukci\u00f3n esett \u00e1t. Ennek k\u00f6sz\u00f6nhet\u0151en a l\u00e1togat\u00f3k eredeti sz\u00e9p- s\u00e9g\u00e9ben csod\u00e1lhatj\u00e1k meg az \u00e9p\u00fclet dom- borm\u0171veit, n\u00f6v\u00e9nyi mint\u00e1s ornamentik\u00e1j\u00e1t \u00e9s a helyre\u00e1ll\u00edtott f\u00e9lk\u00f6r\u00edves oszlopcsarnokot, az oldalhaj\u00f3kkal \u00e9s a fel\u00fclvil\u00e1g\u00edtott oldaltermek- kel.<\/p>","protected":false},"excerpt":{"rendered":"<p>H\u0151s\u00f6k ter\u00e9n \u00e1ll\u00f3 bazilik\u00e1lis alaprajz\u00fa, 2300 m2-es alapter\u00fclet\u0171 \u00e9p\u00fclet 1896-ra, a honfoglal\u00e1s 1000 \u00e9ves \u00e9vfordul\u00f3j\u00e1nak \u00fcnneps\u00e9geire k\u00e9sz\u00fclt el, Schickedanz Albert&#8230;<\/p>\n","protected":false},"author":3,"featured_media":411,"comment_status":"closed","ping_status":"open","sticky":false,"template":"","format":"standard","meta":{"_acf_changed":false,"footnotes":""},"categories":[1],"tags":[4],"class_list":["post-410","post","type-post","status-publish","format-standard","has-post-thumbnail","hentry","category-szorakozas","tag-budapest"],"acf":[],"yoast_head":"<!-- This site is optimized with the Yoast SEO plugin v27.2 - https:\/\/yoast.com\/product\/yoast-seo-wordpress\/ -->\n<title>M\u0171csarnok - ISIC Nemzetk\u00f6zi Di\u00e1kigazolv\u00e1ny<\/title>\n<meta name=\"description\" content=\"H\u0151s\u00f6k ter\u00e9n \u00e1ll\u00f3 bazilik\u00e1lis alaprajz\u00fa, 2300 m2-es alapter\u00fclet\u0171 \u00e9p\u00fclet 1896-ra, a honfoglal\u00e1s 1000 \u00e9ves \u00e9vfordul\u00f3j\u00e1nak \u00fcnneps\u00e9geire k\u00e9sz\u00fclt el,\" \/>\n<meta name=\"robots\" content=\"index, follow, max-snippet:-1, max-image-preview:large, max-video-preview:-1\" \/>\n<link rel=\"canonical\" href=\"https:\/\/isic.hu\/en\/mucsarnok\/\" \/>\n<meta property=\"og:locale\" content=\"en_US\" \/>\n<meta property=\"og:type\" content=\"article\" \/>\n<meta property=\"og:title\" content=\"M\u0171csarnok - ISIC Nemzetk\u00f6zi Di\u00e1kigazolv\u00e1ny\" \/>\n<meta property=\"og:description\" content=\"H\u0151s\u00f6k ter\u00e9n \u00e1ll\u00f3 bazilik\u00e1lis alaprajz\u00fa, 2300 m2-es alapter\u00fclet\u0171 \u00e9p\u00fclet 1896-ra, a honfoglal\u00e1s 1000 \u00e9ves \u00e9vfordul\u00f3j\u00e1nak \u00fcnneps\u00e9geire k\u00e9sz\u00fclt el,\" \/>\n<meta property=\"og:url\" content=\"https:\/\/isic.hu\/en\/mucsarnok\/\" \/>\n<meta property=\"og:site_name\" content=\"ISIC Nemzetk\u00f6zi Di\u00e1kigazolv\u00e1ny\" \/>\n<meta property=\"article:publisher\" content=\"https:\/\/www.facebook.com\/isic.hu\/\" \/>\n<meta property=\"article:published_time\" content=\"2013-09-09T11:57:11+00:00\" \/>\n<meta property=\"article:modified_time\" content=\"2016-03-16T14:43:52+00:00\" \/>\n<meta property=\"og:image\" content=\"https:\/\/isic.hu\/wp-content\/uploads\/2013\/09\/mucsarnok.jpg\" \/>\n\t<meta property=\"og:image:width\" content=\"337\" \/>\n\t<meta property=\"og:image:height\" content=\"154\" \/>\n\t<meta property=\"og:image:type\" content=\"image\/jpeg\" \/>\n<meta name=\"author\" content=\"Andrea S\u00e1rmezey\" \/>\n<meta name=\"twitter:card\" content=\"summary_large_image\" \/>\n<meta name=\"twitter:label1\" content=\"Written by\" \/>\n\t<meta name=\"twitter:data1\" content=\"Andrea S\u00e1rmezey\" \/>\n\t<meta name=\"twitter:label2\" content=\"Est. reading time\" \/>\n\t<meta name=\"twitter:data2\" content=\"3 minutes\" \/>\n<script type=\"application\/ld+json\" class=\"yoast-schema-graph\">{\"@context\":\"https:\/\/schema.org\",\"@graph\":[{\"@type\":\"Article\",\"@id\":\"https:\/\/isic.hu\/en\/mucsarnok\/#article\",\"isPartOf\":{\"@id\":\"https:\/\/isic.hu\/en\/mucsarnok\/\"},\"author\":{\"name\":\"Andrea S\u00e1rmezey\",\"@id\":\"https:\/\/isic.hu\/#\/schema\/person\/5537455b38a36d232dc4eae17e474994\"},\"headline\":\"M\u0171csarnok\",\"datePublished\":\"2013-09-09T11:57:11+00:00\",\"dateModified\":\"2016-03-16T14:43:52+00:00\",\"mainEntityOfPage\":{\"@id\":\"https:\/\/isic.hu\/en\/mucsarnok\/\"},\"wordCount\":578,\"image\":{\"@id\":\"https:\/\/isic.hu\/en\/mucsarnok\/#primaryimage\"},\"thumbnailUrl\":\"https:\/\/isic.hu\/wp-content\/uploads\/2013\/09\/mucsarnok.jpg\",\"keywords\":[\"Budapest\"],\"articleSection\":[\"Entertainment\"],\"inLanguage\":\"en-US\"},{\"@type\":\"WebPage\",\"@id\":\"https:\/\/isic.hu\/en\/mucsarnok\/\",\"url\":\"https:\/\/isic.hu\/en\/mucsarnok\/\",\"name\":\"M\u0171csarnok - ISIC Nemzetk\u00f6zi Di\u00e1kigazolv\u00e1ny\",\"isPartOf\":{\"@id\":\"https:\/\/isic.hu\/#website\"},\"primaryImageOfPage\":{\"@id\":\"https:\/\/isic.hu\/en\/mucsarnok\/#primaryimage\"},\"image\":{\"@id\":\"https:\/\/isic.hu\/en\/mucsarnok\/#primaryimage\"},\"thumbnailUrl\":\"https:\/\/isic.hu\/wp-content\/uploads\/2013\/09\/mucsarnok.jpg\",\"datePublished\":\"2013-09-09T11:57:11+00:00\",\"dateModified\":\"2016-03-16T14:43:52+00:00\",\"author\":{\"@id\":\"https:\/\/isic.hu\/#\/schema\/person\/5537455b38a36d232dc4eae17e474994\"},\"description\":\"H\u0151s\u00f6k ter\u00e9n \u00e1ll\u00f3 bazilik\u00e1lis alaprajz\u00fa, 2300 m2-es alapter\u00fclet\u0171 \u00e9p\u00fclet 1896-ra, a honfoglal\u00e1s 1000 \u00e9ves \u00e9vfordul\u00f3j\u00e1nak \u00fcnneps\u00e9geire k\u00e9sz\u00fclt el,\",\"breadcrumb\":{\"@id\":\"https:\/\/isic.hu\/en\/mucsarnok\/#breadcrumb\"},\"inLanguage\":\"en-US\",\"potentialAction\":[{\"@type\":\"ReadAction\",\"target\":[\"https:\/\/isic.hu\/en\/mucsarnok\/\"]}]},{\"@type\":\"ImageObject\",\"inLanguage\":\"en-US\",\"@id\":\"https:\/\/isic.hu\/en\/mucsarnok\/#primaryimage\",\"url\":\"https:\/\/isic.hu\/wp-content\/uploads\/2013\/09\/mucsarnok.jpg\",\"contentUrl\":\"https:\/\/isic.hu\/wp-content\/uploads\/2013\/09\/mucsarnok.jpg\",\"width\":337,\"height\":154},{\"@type\":\"BreadcrumbList\",\"@id\":\"https:\/\/isic.hu\/en\/mucsarnok\/#breadcrumb\",\"itemListElement\":[{\"@type\":\"ListItem\",\"position\":1,\"name\":\"Home\",\"item\":\"https:\/\/isic.hu\/en\/\"},{\"@type\":\"ListItem\",\"position\":2,\"name\":\"M\u0171csarnok\"}]},{\"@type\":\"WebSite\",\"@id\":\"https:\/\/isic.hu\/#website\",\"url\":\"https:\/\/isic.hu\/\",\"name\":\"ISIC Nemzetk\u00f6zi Di\u00e1kigazolv\u00e1ny\",\"description\":\"International Student Card\",\"potentialAction\":[{\"@type\":\"SearchAction\",\"target\":{\"@type\":\"EntryPoint\",\"urlTemplate\":\"https:\/\/isic.hu\/?s={search_term_string}\"},\"query-input\":{\"@type\":\"PropertyValueSpecification\",\"valueRequired\":true,\"valueName\":\"search_term_string\"}}],\"inLanguage\":\"en-US\"},{\"@type\":\"Person\",\"@id\":\"https:\/\/isic.hu\/#\/schema\/person\/5537455b38a36d232dc4eae17e474994\",\"name\":\"Andrea S\u00e1rmezey\"}]}<\/script>\n<!-- \/ Yoast SEO plugin. -->","yoast_head_json":{"title":"M\u0171csarnok - ISIC Nemzetk\u00f6zi Di\u00e1kigazolv\u00e1ny","description":"H\u0151s\u00f6k ter\u00e9n \u00e1ll\u00f3 bazilik\u00e1lis alaprajz\u00fa, 2300 m2-es alapter\u00fclet\u0171 \u00e9p\u00fclet 1896-ra, a honfoglal\u00e1s 1000 \u00e9ves \u00e9vfordul\u00f3j\u00e1nak \u00fcnneps\u00e9geire k\u00e9sz\u00fclt el,","robots":{"index":"index","follow":"follow","max-snippet":"max-snippet:-1","max-image-preview":"max-image-preview:large","max-video-preview":"max-video-preview:-1"},"canonical":"https:\/\/isic.hu\/en\/mucsarnok\/","og_locale":"en_US","og_type":"article","og_title":"M\u0171csarnok - ISIC Nemzetk\u00f6zi Di\u00e1kigazolv\u00e1ny","og_description":"H\u0151s\u00f6k ter\u00e9n \u00e1ll\u00f3 bazilik\u00e1lis alaprajz\u00fa, 2300 m2-es alapter\u00fclet\u0171 \u00e9p\u00fclet 1896-ra, a honfoglal\u00e1s 1000 \u00e9ves \u00e9vfordul\u00f3j\u00e1nak \u00fcnneps\u00e9geire k\u00e9sz\u00fclt el,","og_url":"https:\/\/isic.hu\/en\/mucsarnok\/","og_site_name":"ISIC Nemzetk\u00f6zi Di\u00e1kigazolv\u00e1ny","article_publisher":"https:\/\/www.facebook.com\/isic.hu\/","article_published_time":"2013-09-09T11:57:11+00:00","article_modified_time":"2016-03-16T14:43:52+00:00","og_image":[{"width":337,"height":154,"url":"https:\/\/isic.hu\/wp-content\/uploads\/2013\/09\/mucsarnok.jpg","type":"image\/jpeg"}],"author":"Andrea S\u00e1rmezey","twitter_card":"summary_large_image","twitter_misc":{"Written by":"Andrea S\u00e1rmezey","Est. reading time":"3 minutes"},"schema":{"@context":"https:\/\/schema.org","@graph":[{"@type":"Article","@id":"https:\/\/isic.hu\/en\/mucsarnok\/#article","isPartOf":{"@id":"https:\/\/isic.hu\/en\/mucsarnok\/"},"author":{"name":"Andrea S\u00e1rmezey","@id":"https:\/\/isic.hu\/#\/schema\/person\/5537455b38a36d232dc4eae17e474994"},"headline":"M\u0171csarnok","datePublished":"2013-09-09T11:57:11+00:00","dateModified":"2016-03-16T14:43:52+00:00","mainEntityOfPage":{"@id":"https:\/\/isic.hu\/en\/mucsarnok\/"},"wordCount":578,"image":{"@id":"https:\/\/isic.hu\/en\/mucsarnok\/#primaryimage"},"thumbnailUrl":"https:\/\/isic.hu\/wp-content\/uploads\/2013\/09\/mucsarnok.jpg","keywords":["Budapest"],"articleSection":["Entertainment"],"inLanguage":"en-US"},{"@type":"WebPage","@id":"https:\/\/isic.hu\/en\/mucsarnok\/","url":"https:\/\/isic.hu\/en\/mucsarnok\/","name":"M\u0171csarnok - ISIC Nemzetk\u00f6zi Di\u00e1kigazolv\u00e1ny","isPartOf":{"@id":"https:\/\/isic.hu\/#website"},"primaryImageOfPage":{"@id":"https:\/\/isic.hu\/en\/mucsarnok\/#primaryimage"},"image":{"@id":"https:\/\/isic.hu\/en\/mucsarnok\/#primaryimage"},"thumbnailUrl":"https:\/\/isic.hu\/wp-content\/uploads\/2013\/09\/mucsarnok.jpg","datePublished":"2013-09-09T11:57:11+00:00","dateModified":"2016-03-16T14:43:52+00:00","author":{"@id":"https:\/\/isic.hu\/#\/schema\/person\/5537455b38a36d232dc4eae17e474994"},"description":"H\u0151s\u00f6k ter\u00e9n \u00e1ll\u00f3 bazilik\u00e1lis alaprajz\u00fa, 2300 m2-es alapter\u00fclet\u0171 \u00e9p\u00fclet 1896-ra, a honfoglal\u00e1s 1000 \u00e9ves \u00e9vfordul\u00f3j\u00e1nak \u00fcnneps\u00e9geire k\u00e9sz\u00fclt el,","breadcrumb":{"@id":"https:\/\/isic.hu\/en\/mucsarnok\/#breadcrumb"},"inLanguage":"en-US","potentialAction":[{"@type":"ReadAction","target":["https:\/\/isic.hu\/en\/mucsarnok\/"]}]},{"@type":"ImageObject","inLanguage":"en-US","@id":"https:\/\/isic.hu\/en\/mucsarnok\/#primaryimage","url":"https:\/\/isic.hu\/wp-content\/uploads\/2013\/09\/mucsarnok.jpg","contentUrl":"https:\/\/isic.hu\/wp-content\/uploads\/2013\/09\/mucsarnok.jpg","width":337,"height":154},{"@type":"BreadcrumbList","@id":"https:\/\/isic.hu\/en\/mucsarnok\/#breadcrumb","itemListElement":[{"@type":"ListItem","position":1,"name":"Home","item":"https:\/\/isic.hu\/en\/"},{"@type":"ListItem","position":2,"name":"M\u0171csarnok"}]},{"@type":"WebSite","@id":"https:\/\/isic.hu\/#website","url":"https:\/\/isic.hu\/","name":"ISIC Nemzetk\u00f6zi Di\u00e1kigazolv\u00e1ny","description":"International Student Card","potentialAction":[{"@type":"SearchAction","target":{"@type":"EntryPoint","urlTemplate":"https:\/\/isic.hu\/?s={search_term_string}"},"query-input":{"@type":"PropertyValueSpecification","valueRequired":true,"valueName":"search_term_string"}}],"inLanguage":"en-US"},{"@type":"Person","@id":"https:\/\/isic.hu\/#\/schema\/person\/5537455b38a36d232dc4eae17e474994","name":"Andrea S\u00e1rmezey"}]}},"_links":{"self":[{"href":"https:\/\/isic.hu\/en\/wp-json\/wp\/v2\/posts\/410","targetHints":{"allow":["GET"]}}],"collection":[{"href":"https:\/\/isic.hu\/en\/wp-json\/wp\/v2\/posts"}],"about":[{"href":"https:\/\/isic.hu\/en\/wp-json\/wp\/v2\/types\/post"}],"author":[{"embeddable":true,"href":"https:\/\/isic.hu\/en\/wp-json\/wp\/v2\/users\/3"}],"replies":[{"embeddable":true,"href":"https:\/\/isic.hu\/en\/wp-json\/wp\/v2\/comments?post=410"}],"version-history":[{"count":2,"href":"https:\/\/isic.hu\/en\/wp-json\/wp\/v2\/posts\/410\/revisions"}],"predecessor-version":[{"id":720,"href":"https:\/\/isic.hu\/en\/wp-json\/wp\/v2\/posts\/410\/revisions\/720"}],"wp:featuredmedia":[{"embeddable":true,"href":"https:\/\/isic.hu\/en\/wp-json\/wp\/v2\/media\/411"}],"wp:attachment":[{"href":"https:\/\/isic.hu\/en\/wp-json\/wp\/v2\/media?parent=410"}],"wp:term":[{"taxonomy":"category","embeddable":true,"href":"https:\/\/isic.hu\/en\/wp-json\/wp\/v2\/categories?post=410"},{"taxonomy":"post_tag","embeddable":true,"href":"https:\/\/isic.hu\/en\/wp-json\/wp\/v2\/tags?post=410"}],"curies":[{"name":"wp","href":"https:\/\/api.w.org\/{rel}","templated":true}]}}