{"id":4773,"date":"2024-05-31T14:20:29","date_gmt":"2024-05-31T12:20:29","guid":{"rendered":"https:\/\/isic.hu\/?p=4773"},"modified":"2024-05-31T14:32:31","modified_gmt":"2024-05-31T12:32:31","slug":"obudai-muzeum","status":"publish","type":"post","link":"https:\/\/isic.hu\/en\/obudai-muzeum\/","title":{"rendered":"Mus\u00e9e d&#8217;\u00d3buda"},"content":{"rendered":"<p><\/p>\n<p>The \u00d3buda Museum is located in the former Zichy Castle, which is under monument protection, on the old-fashioned, cobbled Main square of the town. It is a relatively young institution: it was founded as a local history collection on the 100th anniversary of the unification of the city, in 1973, and was granted museum status in 1996. The initial collection concept was basically determined by the large-scale transformation of the district. The capital development plan created in the 1960s and 1970s aimed to transform \u00d3buda into a modern district. For the district, this meant an almost complete renovation (except for the immediate surroundings of today&#8217;s F\u0151 t\u00e9r &#8211; Szentl\u00e9lek t\u00e9r), which was accompanied by a complete change of the cityscape, the transformation of the material environment and traditional living conditions. This change created the opportunity to establish the core collection, to collect and preserve the memories of old \u00d3buda and B\u00e9k\u00e1smegyer, which was annexed to the district in 1950. Over the decades, the institution&#8217;s material related to local history has grown into a prestigious and diverse collection. Currently, we have four permanent and annually renewed temporary exhibitions giving a diverse picture of \u00d3buda.<\/p>\n<p><strong>Discount:<\/strong> 50% discount on the price of a full-price entrance ticket with an ISIC or ITIC card<\/p>\n<div id='gallery-1' class='gallery galleryid-4773 gallery-columns-4 gallery-size-thumbnail'><figure class='gallery-item'>\n\t\t\t<div class='gallery-icon landscape'>\n\t\t\t\t<a href='https:\/\/isic.hu\/wp-content\/uploads\/2024\/05\/img_9777_kicsi.jpg'><img loading=\"lazy\" decoding=\"async\" width=\"240\" height=\"240\" src=\"https:\/\/isic.hu\/wp-content\/uploads\/2024\/05\/img_9777_kicsi-240x240.jpg\" class=\"attachment-thumbnail size-thumbnail\" alt=\"\" \/><\/a>\n\t\t\t<\/div><\/figure><figure class='gallery-item'>\n\t\t\t<div class='gallery-icon landscape'>\n\t\t\t\t<a href='https:\/\/isic.hu\/wp-content\/uploads\/2024\/05\/om007.jpg'><img loading=\"lazy\" decoding=\"async\" width=\"240\" height=\"240\" src=\"https:\/\/isic.hu\/wp-content\/uploads\/2024\/05\/om007-240x240.jpg\" class=\"attachment-thumbnail size-thumbnail\" alt=\"\" \/><\/a>\n\t\t\t<\/div><\/figure><figure class='gallery-item'>\n\t\t\t<div class='gallery-icon landscape'>\n\t\t\t\t<a href='https:\/\/isic.hu\/wp-content\/uploads\/2024\/05\/om001-1.jpg'><img loading=\"lazy\" decoding=\"async\" width=\"240\" height=\"240\" src=\"https:\/\/isic.hu\/wp-content\/uploads\/2024\/05\/om001-1-240x240.jpg\" class=\"attachment-thumbnail size-thumbnail\" alt=\"\" \/><\/a>\n\t\t\t<\/div><\/figure><figure class='gallery-item'>\n\t\t\t<div class='gallery-icon landscape'>\n\t\t\t\t<a href='https:\/\/isic.hu\/wp-content\/uploads\/2024\/05\/om002.jpg'><img loading=\"lazy\" decoding=\"async\" width=\"240\" height=\"240\" src=\"https:\/\/isic.hu\/wp-content\/uploads\/2024\/05\/om002-240x240.jpg\" class=\"attachment-thumbnail size-thumbnail\" alt=\"\" \/><\/a>\n\t\t\t<\/div><\/figure><figure class='gallery-item'>\n\t\t\t<div class='gallery-icon landscape'>\n\t\t\t\t<a href='https:\/\/isic.hu\/wp-content\/uploads\/2024\/05\/om003.jpg'><img loading=\"lazy\" decoding=\"async\" width=\"240\" height=\"240\" src=\"https:\/\/isic.hu\/wp-content\/uploads\/2024\/05\/om003-240x240.jpg\" class=\"attachment-thumbnail size-thumbnail\" alt=\"\" \/><\/a>\n\t\t\t<\/div><\/figure><figure class='gallery-item'>\n\t\t\t<div class='gallery-icon landscape'>\n\t\t\t\t<a href='https:\/\/isic.hu\/wp-content\/uploads\/2024\/05\/om004-1.jpg'><img loading=\"lazy\" decoding=\"async\" width=\"240\" height=\"240\" src=\"https:\/\/isic.hu\/wp-content\/uploads\/2024\/05\/om004-1-240x240.jpg\" class=\"attachment-thumbnail size-thumbnail\" alt=\"\" \/><\/a>\n\t\t\t<\/div><\/figure><figure class='gallery-item'>\n\t\t\t<div class='gallery-icon landscape'>\n\t\t\t\t<a href='https:\/\/isic.hu\/wp-content\/uploads\/2024\/05\/om005.jpg'><img loading=\"lazy\" decoding=\"async\" width=\"240\" height=\"240\" src=\"https:\/\/isic.hu\/wp-content\/uploads\/2024\/05\/om005-240x240.jpg\" class=\"attachment-thumbnail size-thumbnail\" alt=\"\" \/><\/a>\n\t\t\t<\/div><\/figure><figure class='gallery-item'>\n\t\t\t<div class='gallery-icon landscape'>\n\t\t\t\t<a href='https:\/\/isic.hu\/wp-content\/uploads\/2024\/05\/om006.jpg'><img loading=\"lazy\" decoding=\"async\" width=\"240\" height=\"240\" src=\"https:\/\/isic.hu\/wp-content\/uploads\/2024\/05\/om006-240x240.jpg\" class=\"attachment-thumbnail size-thumbnail\" alt=\"\" \/><\/a>\n\t\t\t<\/div><\/figure>\n\t\t<\/div>","protected":false},"excerpt":{"rendered":"<p>The \u00d3buda Museum is located in the former Zichy Castle, which is under monument protection, on the old-fashioned, cobbled Main&#8230;<\/p>\n","protected":false},"author":1,"featured_media":4774,"comment_status":"closed","ping_status":"closed","sticky":false,"template":"","format":"standard","meta":{"_acf_changed":false,"footnotes":""},"categories":[1],"tags":[],"class_list":["post-4773","post","type-post","status-publish","format-standard","has-post-thumbnail","hentry","category-szorakozas"],"acf":[],"yoast_head":"<!-- This site is optimized with the Yoast SEO plugin v27.2 - https:\/\/yoast.com\/product\/yoast-seo-wordpress\/ -->\n<title>Mus\u00e9e d&#039;\u00d3buda - ISIC Nemzetk\u00f6zi Di\u00e1kigazolv\u00e1ny<\/title>\n<meta name=\"description\" content=\"Az \u00d3budai M\u00fazeum a m\u0171eml\u00e9ki v\u00e9delem alatt \u00e1ll\u00f3, egykori Zichy-kast\u00e9lyban tal\u00e1lhat\u00f3, a v\u00e1rosr\u00e9sz \u00f3don hangulat\u00fa, macskak\u00f6ves F\u0151 ter\u00e9n. Viszonylag fiatal\" \/>\n<meta name=\"robots\" content=\"index, follow, max-snippet:-1, max-image-preview:large, max-video-preview:-1\" \/>\n<link rel=\"canonical\" href=\"https:\/\/isic.hu\/obudai-muzeum\/\" \/>\n<meta property=\"og:locale\" content=\"en_US\" \/>\n<meta property=\"og:type\" content=\"article\" \/>\n<meta property=\"og:title\" content=\"[:hu]\u00d3budai M\u00fazeum[:en]Mus\u00e9e d&#039;\u00d3buda[:] - ISIC Nemzetk\u00f6zi Di\u00e1kigazolv\u00e1ny\" \/>\n<meta property=\"og:description\" content=\"Az \u00d3budai M\u00fazeum a m\u0171eml\u00e9ki v\u00e9delem alatt \u00e1ll\u00f3, egykori Zichy-kast\u00e9lyban tal\u00e1lhat\u00f3, a v\u00e1rosr\u00e9sz \u00f3don hangulat\u00fa, macskak\u00f6ves F\u0151 ter\u00e9n. Viszonylag fiatal\" \/>\n<meta property=\"og:url\" content=\"https:\/\/isic.hu\/obudai-muzeum\/\" \/>\n<meta property=\"og:site_name\" content=\"ISIC Nemzetk\u00f6zi Di\u00e1kigazolv\u00e1ny\" \/>\n<meta property=\"article:publisher\" content=\"https:\/\/www.facebook.com\/isic.hu\/\" \/>\n<meta property=\"article:published_time\" content=\"2024-05-31T12:20:29+00:00\" \/>\n<meta property=\"article:modified_time\" content=\"2024-05-31T12:32:31+00:00\" \/>\n<meta property=\"og:image\" content=\"https:\/\/isic.hu\/wp-content\/uploads\/2024\/05\/om_logo.png\" \/>\n\t<meta property=\"og:image:width\" content=\"400\" \/>\n\t<meta property=\"og:image:height\" content=\"353\" \/>\n\t<meta property=\"og:image:type\" content=\"image\/png\" \/>\n<meta name=\"author\" content=\"nikola\" \/>\n<meta name=\"twitter:card\" content=\"summary_large_image\" \/>\n<meta name=\"twitter:label1\" content=\"Written by\" \/>\n\t<meta name=\"twitter:data1\" content=\"nikola\" \/>\n\t<meta name=\"twitter:label2\" content=\"Est. reading time\" \/>\n\t<meta name=\"twitter:data2\" content=\"3 minutes\" \/>\n<script type=\"application\/ld+json\" class=\"yoast-schema-graph\">{\"@context\":\"https:\/\/schema.org\",\"@graph\":[{\"@type\":\"Article\",\"@id\":\"https:\/\/isic.hu\/obudai-muzeum\/#article\",\"isPartOf\":{\"@id\":\"https:\/\/isic.hu\/obudai-muzeum\/\"},\"author\":{\"name\":\"nikola\",\"@id\":\"https:\/\/isic.hu\/#\/schema\/person\/07cb906483650d70c93971164df9ed1d\"},\"headline\":\"Mus\u00e9e d&#8217;\u00d3buda\",\"datePublished\":\"2024-05-31T12:20:29+00:00\",\"dateModified\":\"2024-05-31T12:32:31+00:00\",\"mainEntityOfPage\":{\"@id\":\"https:\/\/isic.hu\/obudai-muzeum\/\"},\"wordCount\":501,\"image\":{\"@id\":\"https:\/\/isic.hu\/obudai-muzeum\/#primaryimage\"},\"thumbnailUrl\":\"https:\/\/isic.hu\/wp-content\/uploads\/2024\/05\/om_logo.png\",\"articleSection\":[\"Entertainment\"],\"inLanguage\":\"en-US\"},{\"@type\":\"WebPage\",\"@id\":\"https:\/\/isic.hu\/obudai-muzeum\/\",\"url\":\"https:\/\/isic.hu\/obudai-muzeum\/\",\"name\":\"[:hu]\u00d3budai M\u00fazeum[:en]Mus\u00e9e d'\u00d3buda[:] - ISIC Nemzetk\u00f6zi Di\u00e1kigazolv\u00e1ny\",\"isPartOf\":{\"@id\":\"https:\/\/isic.hu\/#website\"},\"primaryImageOfPage\":{\"@id\":\"https:\/\/isic.hu\/obudai-muzeum\/#primaryimage\"},\"image\":{\"@id\":\"https:\/\/isic.hu\/obudai-muzeum\/#primaryimage\"},\"thumbnailUrl\":\"https:\/\/isic.hu\/wp-content\/uploads\/2024\/05\/om_logo.png\",\"datePublished\":\"2024-05-31T12:20:29+00:00\",\"dateModified\":\"2024-05-31T12:32:31+00:00\",\"author\":{\"@id\":\"https:\/\/isic.hu\/#\/schema\/person\/07cb906483650d70c93971164df9ed1d\"},\"description\":\"Az \u00d3budai M\u00fazeum a m\u0171eml\u00e9ki v\u00e9delem alatt \u00e1ll\u00f3, egykori Zichy-kast\u00e9lyban tal\u00e1lhat\u00f3, a v\u00e1rosr\u00e9sz \u00f3don hangulat\u00fa, macskak\u00f6ves F\u0151 ter\u00e9n. Viszonylag fiatal\",\"breadcrumb\":{\"@id\":\"https:\/\/isic.hu\/obudai-muzeum\/#breadcrumb\"},\"inLanguage\":\"en-US\",\"potentialAction\":[{\"@type\":\"ReadAction\",\"target\":[\"https:\/\/isic.hu\/obudai-muzeum\/\"]}]},{\"@type\":\"ImageObject\",\"inLanguage\":\"en-US\",\"@id\":\"https:\/\/isic.hu\/obudai-muzeum\/#primaryimage\",\"url\":\"https:\/\/isic.hu\/wp-content\/uploads\/2024\/05\/om_logo.png\",\"contentUrl\":\"https:\/\/isic.hu\/wp-content\/uploads\/2024\/05\/om_logo.png\",\"width\":400,\"height\":353},{\"@type\":\"BreadcrumbList\",\"@id\":\"https:\/\/isic.hu\/obudai-muzeum\/#breadcrumb\",\"itemListElement\":[{\"@type\":\"ListItem\",\"position\":1,\"name\":\"Home\",\"item\":\"https:\/\/isic.hu\/en\/\"},{\"@type\":\"ListItem\",\"position\":2,\"name\":\"\u00d3budai M\u00fazeum\"}]},{\"@type\":\"WebSite\",\"@id\":\"https:\/\/isic.hu\/#website\",\"url\":\"https:\/\/isic.hu\/\",\"name\":\"ISIC Nemzetk\u00f6zi Di\u00e1kigazolv\u00e1ny\",\"description\":\"International Student Card\",\"potentialAction\":[{\"@type\":\"SearchAction\",\"target\":{\"@type\":\"EntryPoint\",\"urlTemplate\":\"https:\/\/isic.hu\/?s={search_term_string}\"},\"query-input\":{\"@type\":\"PropertyValueSpecification\",\"valueRequired\":true,\"valueName\":\"search_term_string\"}}],\"inLanguage\":\"en-US\"},{\"@type\":\"Person\",\"@id\":\"https:\/\/isic.hu\/#\/schema\/person\/07cb906483650d70c93971164df9ed1d\",\"name\":\"nikola\"}]}<\/script>\n<!-- \/ Yoast SEO plugin. -->","yoast_head_json":{"title":"[:hu]\u00d3budai M\u00fazeum[:en]Mus\u00e9e d'\u00d3buda[:] - ISIC Nemzetk\u00f6zi Di\u00e1kigazolv\u00e1ny","description":"Az \u00d3budai M\u00fazeum a m\u0171eml\u00e9ki v\u00e9delem alatt \u00e1ll\u00f3, egykori Zichy-kast\u00e9lyban tal\u00e1lhat\u00f3, a v\u00e1rosr\u00e9sz \u00f3don hangulat\u00fa, macskak\u00f6ves F\u0151 ter\u00e9n. Viszonylag fiatal","robots":{"index":"index","follow":"follow","max-snippet":"max-snippet:-1","max-image-preview":"max-image-preview:large","max-video-preview":"max-video-preview:-1"},"canonical":"https:\/\/isic.hu\/obudai-muzeum\/","og_locale":"en_US","og_type":"article","og_title":"[:hu]\u00d3budai M\u00fazeum[:en]Mus\u00e9e d'\u00d3buda[:] - ISIC Nemzetk\u00f6zi Di\u00e1kigazolv\u00e1ny","og_description":"Az \u00d3budai M\u00fazeum a m\u0171eml\u00e9ki v\u00e9delem alatt \u00e1ll\u00f3, egykori Zichy-kast\u00e9lyban tal\u00e1lhat\u00f3, a v\u00e1rosr\u00e9sz \u00f3don hangulat\u00fa, macskak\u00f6ves F\u0151 ter\u00e9n. Viszonylag fiatal","og_url":"https:\/\/isic.hu\/obudai-muzeum\/","og_site_name":"ISIC Nemzetk\u00f6zi Di\u00e1kigazolv\u00e1ny","article_publisher":"https:\/\/www.facebook.com\/isic.hu\/","article_published_time":"2024-05-31T12:20:29+00:00","article_modified_time":"2024-05-31T12:32:31+00:00","og_image":[{"width":400,"height":353,"url":"https:\/\/isic.hu\/wp-content\/uploads\/2024\/05\/om_logo.png","type":"image\/png"}],"author":"nikola","twitter_card":"summary_large_image","twitter_misc":{"Written by":"nikola","Est. reading time":"3 minutes"},"schema":{"@context":"https:\/\/schema.org","@graph":[{"@type":"Article","@id":"https:\/\/isic.hu\/obudai-muzeum\/#article","isPartOf":{"@id":"https:\/\/isic.hu\/obudai-muzeum\/"},"author":{"name":"nikola","@id":"https:\/\/isic.hu\/#\/schema\/person\/07cb906483650d70c93971164df9ed1d"},"headline":"Mus\u00e9e d&#8217;\u00d3buda","datePublished":"2024-05-31T12:20:29+00:00","dateModified":"2024-05-31T12:32:31+00:00","mainEntityOfPage":{"@id":"https:\/\/isic.hu\/obudai-muzeum\/"},"wordCount":501,"image":{"@id":"https:\/\/isic.hu\/obudai-muzeum\/#primaryimage"},"thumbnailUrl":"https:\/\/isic.hu\/wp-content\/uploads\/2024\/05\/om_logo.png","articleSection":["Entertainment"],"inLanguage":"en-US"},{"@type":"WebPage","@id":"https:\/\/isic.hu\/obudai-muzeum\/","url":"https:\/\/isic.hu\/obudai-muzeum\/","name":"[:hu]\u00d3budai M\u00fazeum[:en]Mus\u00e9e d'\u00d3buda[:] - ISIC Nemzetk\u00f6zi Di\u00e1kigazolv\u00e1ny","isPartOf":{"@id":"https:\/\/isic.hu\/#website"},"primaryImageOfPage":{"@id":"https:\/\/isic.hu\/obudai-muzeum\/#primaryimage"},"image":{"@id":"https:\/\/isic.hu\/obudai-muzeum\/#primaryimage"},"thumbnailUrl":"https:\/\/isic.hu\/wp-content\/uploads\/2024\/05\/om_logo.png","datePublished":"2024-05-31T12:20:29+00:00","dateModified":"2024-05-31T12:32:31+00:00","author":{"@id":"https:\/\/isic.hu\/#\/schema\/person\/07cb906483650d70c93971164df9ed1d"},"description":"Az \u00d3budai M\u00fazeum a m\u0171eml\u00e9ki v\u00e9delem alatt \u00e1ll\u00f3, egykori Zichy-kast\u00e9lyban tal\u00e1lhat\u00f3, a v\u00e1rosr\u00e9sz \u00f3don hangulat\u00fa, macskak\u00f6ves F\u0151 ter\u00e9n. Viszonylag fiatal","breadcrumb":{"@id":"https:\/\/isic.hu\/obudai-muzeum\/#breadcrumb"},"inLanguage":"en-US","potentialAction":[{"@type":"ReadAction","target":["https:\/\/isic.hu\/obudai-muzeum\/"]}]},{"@type":"ImageObject","inLanguage":"en-US","@id":"https:\/\/isic.hu\/obudai-muzeum\/#primaryimage","url":"https:\/\/isic.hu\/wp-content\/uploads\/2024\/05\/om_logo.png","contentUrl":"https:\/\/isic.hu\/wp-content\/uploads\/2024\/05\/om_logo.png","width":400,"height":353},{"@type":"BreadcrumbList","@id":"https:\/\/isic.hu\/obudai-muzeum\/#breadcrumb","itemListElement":[{"@type":"ListItem","position":1,"name":"Home","item":"https:\/\/isic.hu\/en\/"},{"@type":"ListItem","position":2,"name":"\u00d3budai M\u00fazeum"}]},{"@type":"WebSite","@id":"https:\/\/isic.hu\/#website","url":"https:\/\/isic.hu\/","name":"ISIC Nemzetk\u00f6zi Di\u00e1kigazolv\u00e1ny","description":"International Student Card","potentialAction":[{"@type":"SearchAction","target":{"@type":"EntryPoint","urlTemplate":"https:\/\/isic.hu\/?s={search_term_string}"},"query-input":{"@type":"PropertyValueSpecification","valueRequired":true,"valueName":"search_term_string"}}],"inLanguage":"en-US"},{"@type":"Person","@id":"https:\/\/isic.hu\/#\/schema\/person\/07cb906483650d70c93971164df9ed1d","name":"nikola"}]}},"_links":{"self":[{"href":"https:\/\/isic.hu\/en\/wp-json\/wp\/v2\/posts\/4773","targetHints":{"allow":["GET"]}}],"collection":[{"href":"https:\/\/isic.hu\/en\/wp-json\/wp\/v2\/posts"}],"about":[{"href":"https:\/\/isic.hu\/en\/wp-json\/wp\/v2\/types\/post"}],"author":[{"embeddable":true,"href":"https:\/\/isic.hu\/en\/wp-json\/wp\/v2\/users\/1"}],"replies":[{"embeddable":true,"href":"https:\/\/isic.hu\/en\/wp-json\/wp\/v2\/comments?post=4773"}],"version-history":[{"count":6,"href":"https:\/\/isic.hu\/en\/wp-json\/wp\/v2\/posts\/4773\/revisions"}],"predecessor-version":[{"id":4802,"href":"https:\/\/isic.hu\/en\/wp-json\/wp\/v2\/posts\/4773\/revisions\/4802"}],"wp:featuredmedia":[{"embeddable":true,"href":"https:\/\/isic.hu\/en\/wp-json\/wp\/v2\/media\/4774"}],"wp:attachment":[{"href":"https:\/\/isic.hu\/en\/wp-json\/wp\/v2\/media?parent=4773"}],"wp:term":[{"taxonomy":"category","embeddable":true,"href":"https:\/\/isic.hu\/en\/wp-json\/wp\/v2\/categories?post=4773"},{"taxonomy":"post_tag","embeddable":true,"href":"https:\/\/isic.hu\/en\/wp-json\/wp\/v2\/tags?post=4773"}],"curies":[{"name":"wp","href":"https:\/\/api.w.org\/{rel}","templated":true}]}}